{"id":1353,"date":"2023-11-08T16:44:30","date_gmt":"2023-11-08T16:44:30","guid":{"rendered":"https:\/\/www.avrupakargo.com\/Blog\/?p=1353"},"modified":"2023-11-09T08:35:24","modified_gmt":"2023-11-09T08:35:24","slug":"belcika-kargo","status":"publish","type":"post","link":"https:\/\/www.avrupakargo.com\/Blog\/belcika-kargo\/","title":{"rendered":"Bel\u00e7ika Kargo"},"content":{"rendered":"<h1>Bel\u00e7ika Kargo<\/h1>\n<p>Bel\u00e7ika Kargo ta\u015f\u0131malar\u0131nda Avrupa Kargo her alanda lojistik destek sa\u011flamaktad\u0131r Bel\u00e7ika&#8217;ya hafta i\u00e7i her g\u00fcn <strong>u\u00e7ak kargo<\/strong> ile hafta sonu cuma g\u00fcnleri ise kendi ara\u00e7lar\u0131m\u0131zla kara yolu ile servisimiz vard\u0131r. <strong>Bel\u00e7ika&#8217;ya U\u00e7ak kargo<\/strong> di\u011fer ta\u015f\u0131ma t\u00fcrlerine g\u00f6re pahal\u0131 olmas\u0131n\u0131n yan\u0131nda son y\u0131llarda artan bir bir grafik \u00e7izmektedir. u\u00e7ak kargonun tercih edilmesindeki en \u00f6nemli sebep, kargolar\u0131n al\u0131c\u0131s\u0131na \u00e7ok h\u0131zl\u0131 bir \u015fekilde ula\u015fmas\u0131d\u0131r. Zaman a\u00e7\u0131s\u0131ndan hassas olan kargolar\u0131n en etkili bir \u015fekilde al\u0131c\u0131s\u0131na ula\u015fmas\u0131n\u0131n yolu u\u00e7ak kargonun tercih edilmesidir. Avrupa Kargo Bel\u00e7ika u\u00e7ak kargo hizmetleri konusunda uzun y\u0131llardan beri kurumsal veya bireysel m\u00fc\u015fteri taleplerine alternatif hizmetler sunarak g\u00f6nderen ve al\u0131c\u0131 memnuniyetinin yan\u0131nda \u00fclke ekonomisine de katk\u0131 sa\u011flamaktad\u0131r.<\/p>\n<hr \/>\n<h2>Bel\u00e7ika&#8217;ya Kargo Fiyatlar\u0131?<\/h2>\n<div id=\"attachment_1364\" style=\"width: 1150px\" class=\"wp-caption alignnone\"><img loading=\"lazy\" decoding=\"async\" aria-describedby=\"caption-attachment-1364\" class=\"wp-image-1364 size-full\" src=\"https:\/\/www.avrupakargo.com\/Blog\/wp-content\/uploads\/2022\/03\/Yurtdisi_Kargo_Ucreti.jpg\" alt=\"\" width=\"1140\" height=\"231\" srcset=\"https:\/\/www.avrupakargo.com\/Blog\/wp-content\/uploads\/2022\/03\/Yurtdisi_Kargo_Ucreti.jpg 1140w, https:\/\/www.avrupakargo.com\/Blog\/wp-content\/uploads\/2022\/03\/Yurtdisi_Kargo_Ucreti-300x61.jpg 300w, https:\/\/www.avrupakargo.com\/Blog\/wp-content\/uploads\/2022\/03\/Yurtdisi_Kargo_Ucreti-1024x207.jpg 1024w, https:\/\/www.avrupakargo.com\/Blog\/wp-content\/uploads\/2022\/03\/Yurtdisi_Kargo_Ucreti-768x156.jpg 768w\" sizes=\"auto, (max-width: 1140px) 100vw, 1140px\" \/><p id=\"caption-attachment-1364\" class=\"wp-caption-text\">Bel\u00e7ika&#8217;ya Kargo Fiyatlar\u0131?<\/p><\/div>\n<p>Bel\u00e7ika kargo fiyatlar\u0131 hesaplamak Avrupa Kargo ile \u00e7ok kolay, <a href=\"https:\/\/www.avrupakargo.com\/Price\">fiyat hesaplama<\/a> ara\u00e7lar\u0131n\u0131 kullanarak <a href=\"https:\/\/www.ups.com\/tr\">UPS<\/a>, TNT, FedEx, DHL gibi u\u00e7ak kargo firmalar\u0131n size \u00f6zel indirimli fiyatlar\u0131n\u0131 ve ayn\u0131 zamanda Avrupa Kargo ile karayolu fiyatlar\u0131nda g\u00f6rebilirsiniz.<\/p>\n<p>Kargonuzun hesaplamas\u0131 yap\u0131l\u0131rken kilogram cinsinden a\u011f\u0131rl\u0131\u011f\u0131 veya kaplad\u0131\u011f\u0131 hacim (desi)\u00a0 ele al\u0131n\u0131r ve hesaplama yap\u0131l\u0131r.<\/p>\n<p>Hesaplama arac\u0131 ile kargonuzun ne kadar bir \u00fccret kar\u015f\u0131l\u0131\u011f\u0131 ve s\u00fcresinde Bel\u00e7ika\u2019ya ula\u015faca\u011f\u0131n\u0131 g\u00f6rebilirsiniz.<\/p>\n<hr \/>\n<h2><strong>Bel\u00e7ika&#8217;ya Kargo Hesaplama Y\u00f6ntemi<\/strong><\/h2>\n<p><img loading=\"lazy\" decoding=\"async\" class=\"alignnone size-full wp-image-1859\" src=\"https:\/\/www.avrupakargo.com\/Blog\/wp-content\/uploads\/2022\/05\/Agirlik_Hesaplama.jpg\" alt=\"Bel\u00e7ika'ya Kargo Hesaplama Y\u00f6ntemi\" width=\"1202\" height=\"300\" srcset=\"https:\/\/www.avrupakargo.com\/Blog\/wp-content\/uploads\/2022\/05\/Agirlik_Hesaplama.jpg 1202w, https:\/\/www.avrupakargo.com\/Blog\/wp-content\/uploads\/2022\/05\/Agirlik_Hesaplama-300x75.jpg 300w, https:\/\/www.avrupakargo.com\/Blog\/wp-content\/uploads\/2022\/05\/Agirlik_Hesaplama-1024x256.jpg 1024w, https:\/\/www.avrupakargo.com\/Blog\/wp-content\/uploads\/2022\/05\/Agirlik_Hesaplama-768x192.jpg 768w\" sizes=\"auto, (max-width: 1202px) 100vw, 1202px\" \/><\/p>\n<p>Bel\u00e7ika Kargo g\u00f6nderimlerinde hacim hesaplamas\u0131 olarak<strong>\u00a0En X Boy x Y\u00fckseklik\/5000<\/strong>\u00a0olarak form\u00fcle edilir.<\/p>\n<p>Ancak bu noktada dikkat edilmesi gereken \u00f6nemli bir konu var, e\u011fer g\u00f6nderiniz bir zarf de\u011fil koli ise, koli se\u00e7iminde bilin\u00e7li ve dikkatli olmak gerekiyor.<\/p>\n<p>Zira g\u00f6nderinin hacimsel a\u011f\u0131rl\u0131\u011f\u0131 kolinin b\u00fcy\u00fckl\u00fc\u011f\u00fcnden direkt olarak etkileniyor,\u00a0E\u011fer koli gere\u011finden b\u00fcy\u00fck se\u00e7ildiyse yap\u0131lan i\u015flem sonucunda \u00e7\u0131kacak de\u011fer y\u00fcksek olacakt\u0131r.<\/p>\n<p>Kargo fiyat hesaplama da y\u00fcksek de\u011fer \u00fczerinden ger\u00e7ekle\u015ftirilece\u011fi i\u00e7in kargoyu g\u00f6nderen daha y\u00fcksek \u00fccret demek zorunda kalacak.<\/p>\n<p><em>Bu durumla kar\u015f\u0131la\u015fmamak i\u00e7in en hafif g\u00f6nderiyi en k\u00fc\u00e7\u00fck kolide g\u00f6ndermek gerekiyor.<\/em><\/p>\n<p>E\u011fer 60x40x40 ebad\u0131nda bir koli ile 5 kilograml\u0131k bir \u00fcr\u00fcn g\u00f6nderecekseniz, kilogram hesab\u0131na g\u00f6re yakla\u015f\u0131k 4 kat fazla \u00fccret \u00f6demek zorunda kalabilirsiniz. \u00c7\u00fcnk\u00fc i\u015flem sonunda 19.2 sonucuna ula\u015f\u0131lacak. G\u00f6nderinizin kilogram cinsinden a\u011f\u0131rl\u0131\u011f\u0131 ise 5 kg. Kargo fiyat hesaplama, y\u00fcksek olan 19.2 de\u011feri \u00fczerinden devam edece\u011fi i\u00e7in g\u00f6nderenin cebinden daha y\u00fcksek kargo \u00fccreti \u00e7\u0131kacakt\u0131r.<\/p>\n<p><a href=\"https:\/\/www.avrupakargo.com\/Price.aspx\" target=\"_blank\" rel=\"noopener noreferrer\">G\u00f6nderinizin Hacimsel a\u011f\u0131rl\u0131\u011f\u0131n\u0131 hesaplama<\/a>\u00a0ve \u00e7\u0131kacak \u00fccretleri g\u00f6rmek i\u00e7in <a href=\"https:\/\/www.avrupakargo.com\/Price.aspx\">t\u0131klay\u0131n\u0131z.<\/a><\/p>\n<hr \/>\n<h2><strong>Bel\u00e7ika&#8217;ya Kargo G\u00f6nderimi Nas\u0131l Yap\u0131l\u0131r? \u00a0<\/strong><\/h2>\n<p><img loading=\"lazy\" decoding=\"async\" class=\"alignnone wp-image-1342 size-full\" src=\"https:\/\/www.avrupakargo.com\/Blog\/wp-content\/uploads\/2022\/03\/2_ADIM.jpg\" alt=\"Bel\u00e7ika'ya Kargo G\u00f6nderimi Nas\u0131l Yap\u0131l\u0131r? \u00a0\" width=\"1637\" height=\"631\" \/><\/p>\n<hr \/>\n<h2><span id=\"Almanyaya_Kargo_ile_Gonderilemeyecek_Urunler\"><strong>Bel\u00e7ika\u2019ya Kargo ile G\u00f6nderilemeyecek \u00dcr\u00fcnler<\/strong><\/span><\/h2>\n<p>Bel\u00e7ika\u2019ya kargo ile g\u00f6nderilemeyecek \u00fcr\u00fcn gruplar\u0131n\u0131n oldu\u011fu i\u015flemler s\u0131ras\u0131nda g\u00f6zden ka\u00e7\u0131r\u0131lmamal\u0131d\u0131r. \u00a0 Ama unutulmamas\u0131 gereken nokta, T\u00fcrk Ticaret Kanunu\u2019nca yasak olan hi\u00e7bir mal\u0131n ta\u015f\u0131nmas\u0131 serbest de\u011fildir. Yan\u0131c\u0131 ve yak\u0131c\u0131 g\u00f6nderileri i\u015fleme almak m\u00fcmk\u00fcn de\u011fildir.<\/p>\n<p>Bel\u00e7ika yasakl\u0131 g\u00f6nderiler listesine, <a href=\"https:\/\/www.avrupakargo.com\/Prohibited-items.aspx\">buraya t\u0131klayarak<\/a>\u00a0ula\u015fabilirsiniz.<\/p>\n<hr \/>\n<h2>Bel\u00e7ika&#8217;ya Kargo Ka\u00e7 G\u00fcnde Ula\u015f\u0131r?<\/h2>\n<p>U\u00e7ak Kargo ile yapaca\u011f\u0131n\u0131z g\u00f6nderilerde paketiniz bize ula\u015f\u0131r ula\u015fmaz ayn\u0131 g\u00fcn\u00fcn ak\u015fam\u0131 yurtd\u0131\u015f\u0131 sevki yap\u0131l\u0131r.<\/p>\n<p>Bel\u00e7ika&#8217;ya ula\u015f\u0131m s\u00fcreleri tatil g\u00fcnleri ve uzak b\u00f6lge teslimat\u0131 gibi sebeplerden dolay\u0131 de\u011fi\u015fim g\u00f6sterebilir.<\/p>\n<p><strong>U\u00e7ak kargo<\/strong> g\u00f6nderileri 1 ila 3 g\u00fcnde adresine teslim olmaktad\u0131r.<\/p>\n<p><strong>Kara yolu<\/strong> ile giden g\u00f6nderiler 10-15 i\u015f g\u00fcn\u00fcnde adrese teslim olur.<\/p>\n<p><strong>Ekonomi ekspres<\/strong> hizmetimiz ise 5-7 g\u00fcnde adrese teslim edilir.<\/p>\n<hr \/>\n<h2><span id=\"Almanya_Kargo_Icin_Sikca_Sorulan_Sorular\"><strong>Bel\u00e7ika Kargo \u0130\u00e7in S\u0131k\u00e7a Sorulan Sorular?<\/strong><\/span><\/h2>\n<hr \/>\n<h3><span id=\"Turkiyeden_Almanyaya_Kargo_Fiyatlari_Ne_Kadar\"><strong>T\u00fcrkiye\u2019den Bel\u00e7ika \u2019ya Kargo Fiyatlar\u0131 Ne Kadar?<\/strong><\/span><\/h3>\n<p>T\u00fcrkiye\u2019den Bel\u00e7ika \u2019ya kargo fiyatlar\u0131n\u0131 \u00f6\u011frenmek i\u00e7in, men\u00fcden &#8220;G\u00f6nderi&#8221; alt\u0131nda duran <a href=\"https:\/\/www.avrupakargo.com\/Price\">Fiyat Hesaplama<\/a> linkine t\u0131klaman\u0131z yeterli. A\u00e7\u0131lan sayfada \u00fclke olarak Bel\u00e7ika&#8217;y\u0131 se\u00e7tikten sonra, kolinizin a\u011f\u0131rl\u0131\u011f\u0131 ile birlikte En, Boy ve y\u00fckseklik bilgisini girdi\u011finizde UPS, TNT, FedEx ve Avrupa Kargo olarak fiyatlar otomatik olarak gelmektedir. Bel\u00e7ika i\u00e7in 0,5 kg ta\u015f\u0131ma rakamlar\u0131 25 Euro\u2019dan ba\u015fl\u0131yor ve d\u00f6nemsel olarak de\u011fi\u015fiklik m\u00fcmk\u00fcnd\u00fcr.<\/p>\n<hr \/>\n<h3><span id=\"Turkiyeden_Almanyaya_Kargo_kac_gunde_gider\"><span id=\"Turkiyeden_Almanyaya_Kargo_kac_gunde_gider\" class=\"ez-toc-section\"><\/span><strong>T\u00fcrkiye\u2019den Bel\u00e7ika \u2019ya Kargo ka\u00e7 g\u00fcnde gider?<\/strong><\/span><\/h3>\n<p>Merkezimize ula\u015fan u\u00e7ak kargo g\u00f6nderileri her g\u00fcn, ayn\u0131 g\u00fcn\u00fcn ak\u015fam\u0131 yurtd\u0131\u015f\u0131 \u00e7\u0131k\u0131\u015f\u0131 yap\u0131l\u0131r (cumartesi ve pazar g\u00fcnleri hari\u00e7) yap\u0131lmaktad\u0131r. U\u00e7u\u015fu olan t\u00fcm Bel\u00e7ika kargolar\u0131 ortalama 1 ila 3 i\u015f g\u00fcn\u00fcnde teslim olur. Ekonomi ekspres g\u00f6nderileriniz ise yine hafta i\u00e7i her g\u00fcn yurtd\u0131\u015f\u0131 \u00e7\u0131k\u0131\u015f\u0131 yap\u0131lmaktad\u0131r Bel\u00e7ika adreslerine ise 5-7 i\u015f g\u00fcn\u00fcnde adrese teslim olur, Kara yolu ile \u00e7\u0131k\u0131\u015f\u0131 yap\u0131lan g\u00f6nderiler her hafta cuma g\u00fcnleri yurtd\u0131\u015f\u0131 \u00e7\u0131k\u0131\u015f\u0131 yap\u0131l\u0131r ve Bel\u00e7ika adreslerine 10-15 i\u015f g\u00fcn\u00fcnde teslim olur. <em>G\u00fcmr\u00fckteki incelemeler, uzak b\u00f6lge teslimatlar\u0131 ve zorunlu gecikmeler bu s\u00fcreyi uzat\u0131r.\u00a0<\/em><\/p>\n<hr \/>\n<h3><span id=\"Almanya_icin_yurtdisi_kargo_takibi_nasil_yapilir\"><strong>Bel\u00e7ika kargo takibi nas\u0131l yap\u0131l\u0131r?<\/strong><\/span><\/h3>\n<p>Avrupa Kargo, t\u00fcm g\u00f6nderilerini TNT, DHL, UPS, FedEx ve kendi ara\u00e7lar\u0131 ile \u00e7\u0131karmaktad\u0131r. Bel\u00e7ika i\u00e7in haz\u0131rlad\u0131\u011f\u0131m\u0131z yurtd\u0131\u015f\u0131 g\u00f6nderileriniz i\u00e7in size verilen bir takip kodu vard\u0131r. Bu takip kodlar\u0131 ile t\u00fcm kargo takiplerinizi ger\u00e7ekle\u015ftirebilirsiniz. AvrupaKargo.com adresindeki <a href=\"https:\/\/www.avrupakargo.com\/Tracking\">Yurtd\u0131\u015f\u0131 Kargo Takip<\/a> sayfas\u0131na, kargo takip numaran\u0131z\u0131 yazarak g\u00f6nderinizin durumunu \u00f6\u011frenebilirsiniz veya Kargonuz hangi operat\u00f6r\u00fc ile \u00e7\u0131kar\u0131ld\u0131ysa, bizim d\u0131\u015f\u0131m\u0131zda onlar\u0131n web sitesinden de online olarak takibini yapabilirsiniz.<\/p>\n<hr \/>\n<h3><span id=\"Almanya_kargo_fiyatlarini_degistiren_etmenler_nelerdir\"><strong>Bel\u00e7ika kargo fiyatlar\u0131n\u0131 de\u011fi\u015ftiren etmenler nelerdir?<\/strong><\/span><\/h3>\n<p>Bel\u00e7ika&#8217;ya kargo g\u00f6nderirken maliyetinizi de\u011fi\u015ftiren 2 temel unsur vard\u0131r. Bunlar\u0131n birincisi g\u00f6nderinizin a\u011f\u0131rl\u0131\u011f\u0131d\u0131r. \u0130kinci dikkat edilen konu ise g\u00f6nderinizin hacimsel (desi) a\u011f\u0131rl\u0131\u011f\u0131d\u0131r. Bel\u00e7ika kargo g\u00f6nderilerinde, bu iki de\u011ferden hangisi b\u00fcy\u00fckse ona g\u00f6re fiyat hesaplan\u0131r.<\/p>\n<hr \/>\n<h3><span id=\"Turkiyeden_Almanyaya_en_uygun_fiyata_kargo_nasil_gonderilir\"><span id=\"Turkiyeden_Almanyaya_en_uygun_fiyata_kargo_nasil_gonderilir\" class=\"ez-toc-section\"><\/span><strong>T\u00fcrkiye\u2019den Bel\u00e7ika&#8217;ya en uygun fiyata kargo nas\u0131l g\u00f6nderilir?<\/strong><\/span><\/h3>\n<p>Avrupa Kargo, T\u00fcrkiye\u2019nin en b\u00fcy\u00fck online yurtd\u0131\u015f\u0131 kargo toptanc\u0131s\u0131d\u0131r. Binlerce m\u00fc\u015fterisi bulunmakta ve \u00e7a\u011fr\u0131 merkezi her g\u00fcn binlerce m\u00fc\u015fteri talebine yan\u0131t vermektedir. Elindeki b\u00fcy\u00fck hacimle, DHL, TNT, UPS, FedEx gibi global ekspres kargo ta\u015f\u0131y\u0131c\u0131lar\u0131yla kurumsal anla\u015fmalar yapmas\u0131n\u0131n yan\u0131 s\u0131ra kendi ara\u00e7lar\u0131 ile Bel\u00e7ika&#8217;ya kargo yapar. Uluslararas\u0131 g\u00f6ndericilerden ald\u0131\u011f\u0131 indirimleri, avantajl\u0131 fiyatlar ile m\u00fc\u015fterilerine iletir. <strong>Bel\u00e7ika \u2019ya en ucuz kargo fiyat\u0131na<\/strong> ula\u015fmak i\u00e7in gereken tek \u015fey, +90 212 668 57 57 numaral\u0131 m\u00fc\u015fteri hizmetleri hatt\u0131n\u0131 aramak. Ek olarak info@avrupakargo.com adresine email atabilirsiniz.<\/p>\n<hr \/>\n<h3><span id=\"Almanyaya_en_hizli_kargo_hangisi\"><strong>Bel\u00e7ika \u2019ya en h\u0131zl\u0131 kargo hangisi?<\/strong><\/span><\/h3>\n<p><strong>Bel\u00e7ika \u2019ya acil kargolar\u0131n\u0131z<\/strong> i\u00e7in kullanabilece\u011finiz en do\u011fru se\u00e7enek Avrupa Kargo olacakt\u0131r. \u00c7\u00fcnk\u00fc Avrupa Kargo, TNT, UPS, FedEx ve DHL ile \u00f6zel anla\u015fmal\u0131d\u0131r. \u00dcstelik Pazar g\u00fcnleri hari\u00e7 her g\u00fcn yurtd\u0131\u015f\u0131 \u00e7\u0131k\u0131\u015f\u0131 ger\u00e7ekle\u015fmektedir. <strong>T\u00fcrkiye\u2019den Bel\u00e7ika \u2019ya u\u00e7ak kargo<\/strong> s\u00fcresi 1 ila 3 i\u015f g\u00fcn\u00fcd\u00fcr.<\/p>\n<hr \/>\n<h3><span id=\"Almanyaya_kargo_nasil_gonderilir\"><strong>Bel\u00e7ika \u2019ya kargo nas\u0131l g\u00f6nderilir?<\/strong><\/span><\/h3>\n<p>Bel\u00e7ika \u2019ya kargo yollamak i\u00e7in yapman\u0131z gereken, m\u00fcmk\u00fcn oldu\u011funca sa\u011flam ve k\u00fc\u00e7\u00fck bir paket yapman\u0131zd\u0131r. Kolilerinizin \u00f6l\u00e7\u00fcleri belli oldu\u011funda, +90 212 668 5757 numaral\u0131 m\u00fc\u015fteri hizmetlerimizi aray\u0131p hem maliyetlerinizi \u00f6\u011frenirsiniz. \u00dcstelik o \u00fclke ile alakal\u0131 g\u00fcncel bilgileri \u00f6\u011frenip, hem de kargo toplamalar\u0131n\u0131z\u0131 h\u0131zl\u0131ca yapmak m\u00fcmk\u00fcn.<\/p>\n<p>&nbsp;<\/p>\n<p>T\u00fcrkiye&#8217;den Bel\u00e7ika&#8217;ya h\u0131zl\u0131 ve ekonomik kargo ile paket veya evrak g\u00f6nderimi ve anl\u0131k fiyatlar i\u00e7in <a href=\"https:\/\/www.avrupakargo.com\/Price\">TIKLAYINIZ<\/a><\/p>\n<div id=\"gtx-trans\" style=\"position: absolute; left: -6px; top: 2962.34px;\">\n<div class=\"gtx-trans-icon\"><\/div>\n<\/div>\n","protected":false},"excerpt":{"rendered":"<p>Bel\u00e7ika Kargo Bel\u00e7ika Kargo ta\u015f\u0131malar\u0131nda Avrupa Kargo her alanda lojistik destek sa\u011flamaktad\u0131r Bel\u00e7ika&#8217;ya hafta i\u00e7i her g\u00fcn u\u00e7ak kargo ile hafta sonu cuma g\u00fcnleri ise kendi ara\u00e7lar\u0131m\u0131zla kara yolu ile servisimiz vard\u0131r. Bel\u00e7ika&#8217;ya U\u00e7ak kargo di\u011fer ta\u015f\u0131ma t\u00fcrlerine g\u00f6re pahal\u0131 olmas\u0131n\u0131n yan\u0131nda son y\u0131llarda artan bir bir grafik \u00e7izmektedir. u\u00e7ak kargonun tercih edilmesindeki en \u00f6nemli [&hellip;]<\/p>\n","protected":false},"author":1,"featured_media":1426,"comment_status":"closed","ping_status":"closed","sticky":false,"template":"","format":"standard","meta":{"footnotes":""},"categories":[11,14,4],"tags":[148,149,150,151,152,153,154,155,156,157,158,159,160,161,162,163,164,165,166,167,452,556],"class_list":["post-1353","post","type-post","status-publish","format-standard","has-post-thumbnail","hentry","category-avrupa-kargo","category-belcika-kargo","category-kargo","tag-belcika-ya-en-hizli-kargo-hangisi","tag-belcika-ya-kargo-nasil-gonderilir","tag-belcika-kargo","tag-belcika-kargo-firmasi","tag-belcika-kargo-fiyatlari","tag-belcika-kargo-fiyatlari-2022","tag-belcika-kargo-gonderimi","tag-belcika-kargo-gonderimi-nasil-yapilir","tag-belcika-kargo-hesaplama-yontemi","tag-belcika-kargo-sirketleri","tag-belcika-kargo-takibi-nasil-yapilir","tag-belcika-kargolari","tag-belcika-lojistik-firmalari","tag-belcika-lojistik-sirketleri","tag-belcika-mal-gonderimi","tag-belcika-paket-gonderimi","tag-belcika-ucak-kargo","tag-belcika-ucuz-kargo","tag-belcikaya-kargo-gonderimi","tag-belcikaya-kargo-kac-gunde-ulasir","tag-kargo-belcika","tag-turkiyeden-belcikaya-kargo"],"yoast_head":"<!-- This site is optimized with the Yoast SEO plugin v23.1 - https:\/\/yoast.com\/wordpress\/plugins\/seo\/ -->\r\n<title>Bel\u00e7ika Kargo - Bel\u00e7ika Kargo Firmas\u0131 - Bel\u00e7ika&#039;ya Kargo G\u00f6nderimi<\/title>\r\n<meta name=\"description\" content=\"Bel\u00e7ika Kargo ta\u015f\u0131malar\u0131nda Avrupa Kargo her alanda lojistik destek sa\u011flamaktad\u0131r, Bel\u00e7ika Kargo Firmas\u0131, Kargo Fiyatlar\u0131 2022\" \/>\r\n<meta name=\"robots\" content=\"index, follow, max-snippet:-1, max-image-preview:large, max-video-preview:-1\" \/>\r\n<link rel=\"canonical\" href=\"https:\/\/www.avrupakargo.com\/Blog\/belcika-kargo\/\" \/>\r\n<meta property=\"og:locale\" content=\"tr_TR\" \/>\r\n<meta property=\"og:type\" content=\"article\" \/>\r\n<meta property=\"og:title\" content=\"Bel\u00e7ika Kargo - Bel\u00e7ika Kargo Firmas\u0131 - Bel\u00e7ika&#039;ya Kargo G\u00f6nderimi\" \/>\r\n<meta property=\"og:description\" content=\"Bel\u00e7ika Kargo ta\u015f\u0131malar\u0131nda Avrupa Kargo her alanda lojistik destek sa\u011flamaktad\u0131r, Bel\u00e7ika Kargo Firmas\u0131, Kargo Fiyatlar\u0131 2022\" \/>\r\n<meta property=\"og:url\" content=\"https:\/\/www.avrupakargo.com\/Blog\/belcika-kargo\/\" \/>\r\n<meta property=\"og:site_name\" content=\"Avrupa Kargo Blog\" \/>\r\n<meta property=\"article:publisher\" content=\"https:\/\/www.facebook.com\/AvrupaKargoGlobal\" \/>\r\n<meta property=\"article:published_time\" content=\"2023-11-08T16:44:30+00:00\" \/>\r\n<meta property=\"article:modified_time\" content=\"2023-11-09T08:35:24+00:00\" \/>\r\n<meta property=\"og:image\" content=\"https:\/\/www.avrupakargo.com\/Blog\/wp-content\/uploads\/2022\/03\/Belcika_Kargo_1.jpg\" \/>\r\n\t<meta property=\"og:image:width\" content=\"1200\" \/>\r\n\t<meta property=\"og:image:height\" content=\"400\" \/>\r\n\t<meta property=\"og:image:type\" content=\"image\/jpeg\" \/>\r\n<meta name=\"author\" content=\"admin\" \/>\r\n<meta name=\"twitter:card\" content=\"summary_large_image\" \/>\r\n<meta name=\"twitter:creator\" content=\"@AvrupaKargo\" \/>\r\n<meta name=\"twitter:site\" content=\"@AvrupaKargo\" \/>\r\n<meta name=\"twitter:label1\" content=\"Yazan:\" \/>\n\t<meta name=\"twitter:data1\" content=\"admin\" \/>\n\t<meta name=\"twitter:label2\" content=\"Tahmini okuma s\u00fcresi\" \/>\n\t<meta name=\"twitter:data2\" content=\"7 dakika\" \/>\r\n<!-- \/ Yoast SEO plugin. -->","yoast_head_json":{"title":"Bel\u00e7ika Kargo - Bel\u00e7ika Kargo Firmas\u0131 - Bel\u00e7ika'ya Kargo G\u00f6nderimi","description":"Bel\u00e7ika Kargo ta\u015f\u0131malar\u0131nda Avrupa Kargo her alanda lojistik destek sa\u011flamaktad\u0131r, Bel\u00e7ika Kargo Firmas\u0131, Kargo Fiyatlar\u0131 2022","robots":{"index":"index","follow":"follow","max-snippet":"max-snippet:-1","max-image-preview":"max-image-preview:large","max-video-preview":"max-video-preview:-1"},"canonical":"https:\/\/www.avrupakargo.com\/Blog\/belcika-kargo\/","og_locale":"tr_TR","og_type":"article","og_title":"Bel\u00e7ika Kargo - Bel\u00e7ika Kargo Firmas\u0131 - Bel\u00e7ika'ya Kargo G\u00f6nderimi","og_description":"Bel\u00e7ika Kargo ta\u015f\u0131malar\u0131nda Avrupa Kargo her alanda lojistik destek sa\u011flamaktad\u0131r, Bel\u00e7ika Kargo Firmas\u0131, Kargo Fiyatlar\u0131 2022","og_url":"https:\/\/www.avrupakargo.com\/Blog\/belcika-kargo\/","og_site_name":"Avrupa Kargo Blog","article_publisher":"https:\/\/www.facebook.com\/AvrupaKargoGlobal","article_published_time":"2023-11-08T16:44:30+00:00","article_modified_time":"2023-11-09T08:35:24+00:00","og_image":[{"width":1200,"height":400,"url":"https:\/\/www.avrupakargo.com\/Blog\/wp-content\/uploads\/2022\/03\/Belcika_Kargo_1.jpg","type":"image\/jpeg"}],"author":"admin","twitter_card":"summary_large_image","twitter_creator":"@AvrupaKargo","twitter_site":"@AvrupaKargo","twitter_misc":{"Yazan:":"admin","Tahmini okuma s\u00fcresi":"7 dakika"},"schema":{"@context":"https:\/\/schema.org","@graph":[{"@type":"Article","@id":"https:\/\/www.avrupakargo.com\/Blog\/belcika-kargo\/#article","isPartOf":{"@id":"https:\/\/www.avrupakargo.com\/Blog\/belcika-kargo\/"},"author":{"name":"admin","@id":"https:\/\/www.avrupakargo.com\/Blog\/#\/schema\/person\/ebabf124d39d9a3f26844cb1367abeb6"},"headline":"Bel\u00e7ika Kargo","datePublished":"2023-11-08T16:44:30+00:00","dateModified":"2023-11-09T08:35:24+00:00","mainEntityOfPage":{"@id":"https:\/\/www.avrupakargo.com\/Blog\/belcika-kargo\/"},"wordCount":1362,"publisher":{"@id":"https:\/\/www.avrupakargo.com\/Blog\/#organization"},"image":{"@id":"https:\/\/www.avrupakargo.com\/Blog\/belcika-kargo\/#primaryimage"},"thumbnailUrl":"https:\/\/www.avrupakargo.com\/Blog\/wp-content\/uploads\/2022\/03\/Belcika_Kargo_1.jpg","keywords":["Bel\u00e7ika \u2019ya en h\u0131zl\u0131 kargo hangisi?","Bel\u00e7ika \u2019ya kargo nas\u0131l g\u00f6nderilir?","Bel\u00e7ika Kargo","Bel\u00e7ika Kargo Firmas\u0131","Bel\u00e7ika Kargo Fiyatlar\u0131","Bel\u00e7ika Kargo Fiyatlar\u0131 2022","Bel\u00e7ika Kargo G\u00f6nderimi","Bel\u00e7ika Kargo G\u00f6nderimi Nas\u0131l Yap\u0131l\u0131r?","Bel\u00e7ika Kargo Hesaplama Y\u00f6ntemi","Bel\u00e7ika Kargo \u015eirketleri","Bel\u00e7ika kargo takibi nas\u0131l yap\u0131l\u0131r?","Bel\u00e7ika Kargolar\u0131","Bel\u00e7ika Lojistik Firmalar\u0131","Bel\u00e7ika Lojistik \u015eirketleri","Bel\u00e7ika Mal G\u00f6nderimi","Bel\u00e7ika Paket G\u00f6nderimi","Bel\u00e7ika U\u00e7ak Kargo","Bel\u00e7ika Ucuz Kargo","Bel\u00e7ika'ya Kargo G\u00f6nderimi","Bel\u00e7ika'ya Kargo Ka\u00e7 G\u00fcnde Ula\u015f\u0131r?","Kargo Bel\u00e7ika","T\u00fcrkiye'den Bel\u00e7ika'ya Kargo"],"articleSection":["Avrupa Kargo","Bel\u00e7ika Kargo","Kargo"],"inLanguage":"tr"},{"@type":"WebPage","@id":"https:\/\/www.avrupakargo.com\/Blog\/belcika-kargo\/","url":"https:\/\/www.avrupakargo.com\/Blog\/belcika-kargo\/","name":"Bel\u00e7ika Kargo - Bel\u00e7ika Kargo Firmas\u0131 - Bel\u00e7ika'ya Kargo G\u00f6nderimi","isPartOf":{"@id":"https:\/\/www.avrupakargo.com\/Blog\/#website"},"primaryImageOfPage":{"@id":"https:\/\/www.avrupakargo.com\/Blog\/belcika-kargo\/#primaryimage"},"image":{"@id":"https:\/\/www.avrupakargo.com\/Blog\/belcika-kargo\/#primaryimage"},"thumbnailUrl":"https:\/\/www.avrupakargo.com\/Blog\/wp-content\/uploads\/2022\/03\/Belcika_Kargo_1.jpg","datePublished":"2023-11-08T16:44:30+00:00","dateModified":"2023-11-09T08:35:24+00:00","description":"Bel\u00e7ika Kargo ta\u015f\u0131malar\u0131nda Avrupa Kargo her alanda lojistik destek sa\u011flamaktad\u0131r, Bel\u00e7ika Kargo Firmas\u0131, Kargo Fiyatlar\u0131 2022","breadcrumb":{"@id":"https:\/\/www.avrupakargo.com\/Blog\/belcika-kargo\/#breadcrumb"},"inLanguage":"tr","potentialAction":[{"@type":"ReadAction","target":["https:\/\/www.avrupakargo.com\/Blog\/belcika-kargo\/"]}]},{"@type":"ImageObject","inLanguage":"tr","@id":"https:\/\/www.avrupakargo.com\/Blog\/belcika-kargo\/#primaryimage","url":"https:\/\/www.avrupakargo.com\/Blog\/wp-content\/uploads\/2022\/03\/Belcika_Kargo_1.jpg","contentUrl":"https:\/\/www.avrupakargo.com\/Blog\/wp-content\/uploads\/2022\/03\/Belcika_Kargo_1.jpg","width":1200,"height":400},{"@type":"BreadcrumbList","@id":"https:\/\/www.avrupakargo.com\/Blog\/belcika-kargo\/#breadcrumb","itemListElement":[{"@type":"ListItem","position":1,"name":"Anasayfa","item":"https:\/\/www.avrupakargo.com\/Blog\/"},{"@type":"ListItem","position":2,"name":"Bel\u00e7ika Kargo"}]},{"@type":"WebSite","@id":"https:\/\/www.avrupakargo.com\/Blog\/#website","url":"https:\/\/www.avrupakargo.com\/Blog\/","name":"Avrupa Kargo Blog","description":"","publisher":{"@id":"https:\/\/www.avrupakargo.com\/Blog\/#organization"},"potentialAction":[{"@type":"SearchAction","target":{"@type":"EntryPoint","urlTemplate":"https:\/\/www.avrupakargo.com\/Blog\/?s={search_term_string}"},"query-input":"required name=search_term_string"}],"inLanguage":"tr"},{"@type":"Organization","@id":"https:\/\/www.avrupakargo.com\/Blog\/#organization","name":"Avrupa Kargo","url":"https:\/\/www.avrupakargo.com\/Blog\/","logo":{"@type":"ImageObject","inLanguage":"tr","@id":"https:\/\/www.avrupakargo.com\/Blog\/#\/schema\/logo\/image\/","url":"https:\/\/www.avrupakargo.com\/Blog\/wp-content\/uploads\/2022\/03\/PNG_LOGO_500x80-1.png","contentUrl":"https:\/\/www.avrupakargo.com\/Blog\/wp-content\/uploads\/2022\/03\/PNG_LOGO_500x80-1.png","width":500,"height":80,"caption":"Avrupa Kargo"},"image":{"@id":"https:\/\/www.avrupakargo.com\/Blog\/#\/schema\/logo\/image\/"},"sameAs":["https:\/\/www.facebook.com\/AvrupaKargoGlobal","https:\/\/x.com\/AvrupaKargo","https:\/\/www.instagram.com\/avrupa.kargo\/","https:\/\/www.linkedin.com\/company\/avrupa-kargo","https:\/\/avrupakargo.tumblr.com\/"]},{"@type":"Person","@id":"https:\/\/www.avrupakargo.com\/Blog\/#\/schema\/person\/ebabf124d39d9a3f26844cb1367abeb6","name":"admin","image":{"@type":"ImageObject","inLanguage":"tr","@id":"https:\/\/www.avrupakargo.com\/Blog\/#\/schema\/person\/image\/","url":"https:\/\/secure.gravatar.com\/avatar\/101adc532297449b15a71f328d174af103a1012c38298d2358da9726816b01d5?s=96&d=mm&r=g","contentUrl":"https:\/\/secure.gravatar.com\/avatar\/101adc532297449b15a71f328d174af103a1012c38298d2358da9726816b01d5?s=96&d=mm&r=g","caption":"admin"},"sameAs":["https:\/\/avrupakargo.com\/Blog"],"url":"https:\/\/www.avrupakargo.com\/Blog\/author\/akblog\/"}]}},"_links":{"self":[{"href":"https:\/\/www.avrupakargo.com\/Blog\/wp-json\/wp\/v2\/posts\/1353","targetHints":{"allow":["GET"]}}],"collection":[{"href":"https:\/\/www.avrupakargo.com\/Blog\/wp-json\/wp\/v2\/posts"}],"about":[{"href":"https:\/\/www.avrupakargo.com\/Blog\/wp-json\/wp\/v2\/types\/post"}],"author":[{"embeddable":true,"href":"https:\/\/www.avrupakargo.com\/Blog\/wp-json\/wp\/v2\/users\/1"}],"replies":[{"embeddable":true,"href":"https:\/\/www.avrupakargo.com\/Blog\/wp-json\/wp\/v2\/comments?post=1353"}],"version-history":[{"count":18,"href":"https:\/\/www.avrupakargo.com\/Blog\/wp-json\/wp\/v2\/posts\/1353\/revisions"}],"predecessor-version":[{"id":1896,"href":"https:\/\/www.avrupakargo.com\/Blog\/wp-json\/wp\/v2\/posts\/1353\/revisions\/1896"}],"wp:featuredmedia":[{"embeddable":true,"href":"https:\/\/www.avrupakargo.com\/Blog\/wp-json\/wp\/v2\/media\/1426"}],"wp:attachment":[{"href":"https:\/\/www.avrupakargo.com\/Blog\/wp-json\/wp\/v2\/media?parent=1353"}],"wp:term":[{"taxonomy":"category","embeddable":true,"href":"https:\/\/www.avrupakargo.com\/Blog\/wp-json\/wp\/v2\/categories?post=1353"},{"taxonomy":"post_tag","embeddable":true,"href":"https:\/\/www.avrupakargo.com\/Blog\/wp-json\/wp\/v2\/tags?post=1353"}],"curies":[{"name":"wp","href":"https:\/\/api.w.org\/{rel}","templated":true}]}}