{"id":1550,"date":"2023-11-08T15:04:26","date_gmt":"2023-11-08T15:04:26","guid":{"rendered":"https:\/\/www.avrupakargo.com\/Blog\/?p=1550"},"modified":"2023-11-09T08:38:51","modified_gmt":"2023-11-09T08:38:51","slug":"fransa-kargo","status":"publish","type":"post","link":"https:\/\/www.avrupakargo.com\/Blog\/fransa-kargo\/","title":{"rendered":"Fransa Kargo"},"content":{"rendered":"<h1>Fransa Kargo<\/h1>\n<p><strong>Fransa kargo <\/strong>g\u00f6nderimi yapmak Avrupa Kargo sayesinde olduk\u00e7a kolay hale geldi.<\/p>\n<p><strong>Yurtd\u0131\u015f\u0131 hava kargo<\/strong>\u00a0kullan\u0131m\u0131n\u0131n her ge\u00e7en g\u00fcn artmas\u0131,\u00a0<a href=\"https:\/\/www.avrupakargo.com\/\" target=\"_blank\" rel=\"noopener noreferrer\">yurtd\u0131\u015f\u0131 u\u00e7ak kargo<\/a>\u00a0hizmeti veren firmam\u0131z uluslararas\u0131 u\u00e7ak filolar\u0131n\u0131n geni\u015flemesiyle birlikte zaman\u0131 iyi kullanmak isteyenlerin birinci tercihi konumuna y\u00fckselen\u00a0<strong>uluslararas\u0131 hava kargo<\/strong> \u00f6zellikle Fransa s\u00f6z konusu oldu\u011funda daha da \u00f6nem ta\u015f\u0131yor. Hafta i\u00e7i her g\u00fcn d\u00fczenli u\u00e7u\u015flar ile Fransa&#8217;ya teslimatlar\u0131m\u0131z %90 seviyesinde ertesi g\u00fcn yap\u0131lmaktad\u0131r.<\/p>\n<p>Ayn\u0131 zamanda\u00a0<strong>Avrupa Kargo<\/strong>&#8216;nun \u00f6zel kara ara\u00e7lar\u0131 ile her hafta d\u00fczenli olarak Fransa&#8217;daki t\u00fcm adreslere kap\u0131dan kap\u0131ya teslimat yap\u0131yoruz.<\/p>\n<hr \/>\n<h2><strong>Fransa Kargo G\u00f6nderimi Nas\u0131l Yap\u0131l\u0131r? \u00a0<\/strong><\/h2>\n<p><img loading=\"lazy\" decoding=\"async\" class=\"alignnone wp-image-1342 size-large\" src=\"https:\/\/www.avrupakargo.com\/Blog\/wp-content\/uploads\/2022\/03\/2_ADIM-1024x395.jpg\" alt=\"\" width=\"1024\" height=\"395\" \/><\/p>\n<p><a href=\"https:\/\/www.avrupakargo.com\/\">Avrupa Kargo<\/a> adresine girdi\u011finizde kar\u015f\u0131n\u0131za \u0130leti\u015fim men\u00fcs\u00fcnde \u00e7\u0131kan\u00a0<a href=\"https:\/\/www.avrupakargo.com\/Call-A-Courier.aspx\"><strong>&#8220;Kurye \u00c7a\u011f\u0131r&#8221;<\/strong><\/a>\u00a0veya\u00a0<a href=\"https:\/\/www.avrupakargo.com\/Get-Quote.aspx\"><strong>&#8220;Teklif Al&#8221;<\/strong><\/a>\u00a0formlar\u0131ndan birine Fransa\u2019ya kargo\u00a0i\u015flemlerini yapmak i\u00e7in sadece birka\u00e7 dakikan\u0131z\u0131 ay\u0131rman\u0131z yeterli olacakt\u0131r.<\/p>\n<p>Kargonuzun gidece\u011fi \u00fclke olarak Fransa\u2019y\u0131 se\u00e7ip kilogram bilgisi de verdi\u011finizde Fransa kargonuzun yola \u00e7\u0131kmamas\u0131 i\u00e7in sebep kalmayacak.<\/p>\n<hr \/>\n<h2><strong>Fransa Kargo Hesaplama Y\u00f6ntemi<\/strong><\/h2>\n<p><img loading=\"lazy\" decoding=\"async\" class=\"alignnone wp-image-1364 size-full\" src=\"https:\/\/www.avrupakargo.com\/Blog\/wp-content\/uploads\/2022\/03\/Yurtdisi_Kargo_Ucreti.jpg\" alt=\"\" width=\"1140\" height=\"231\" srcset=\"https:\/\/www.avrupakargo.com\/Blog\/wp-content\/uploads\/2022\/03\/Yurtdisi_Kargo_Ucreti.jpg 1140w, https:\/\/www.avrupakargo.com\/Blog\/wp-content\/uploads\/2022\/03\/Yurtdisi_Kargo_Ucreti-300x61.jpg 300w, https:\/\/www.avrupakargo.com\/Blog\/wp-content\/uploads\/2022\/03\/Yurtdisi_Kargo_Ucreti-1024x207.jpg 1024w, https:\/\/www.avrupakargo.com\/Blog\/wp-content\/uploads\/2022\/03\/Yurtdisi_Kargo_Ucreti-768x156.jpg 768w\" sizes=\"auto, (max-width: 1140px) 100vw, 1140px\" \/><\/p>\n<p>Fransa\u00a0kargo hesaplamas\u0131\u00a0yapmak da fiyat hesaplama ara\u00e7lar\u0131n\u0131 kullanarak yap\u0131ld\u0131\u011f\u0131nda kolay hale geliyor.<\/p>\n<p>Kargonuzun hesaplamas\u0131 yap\u0131l\u0131rken kilogram cinsinden a\u011f\u0131rl\u0131\u011f\u0131 veya kaplad\u0131\u011f\u0131 hacim (desi)\u00a0 ele al\u0131n\u0131r ve hesaplama yap\u0131l\u0131r. Bu i\u015flem sonunda \u00a0kargonuzun ne kadar bir \u00fccret kar\u015f\u0131l\u0131\u011f\u0131 Fransa\u2019ya ula\u015faca\u011f\u0131 belli olur.<\/p>\n<p>Desi hesaplamas\u0131;<\/p>\n<p><strong>EN X BOYX Y\u00dcKSEKL\u0130K\/5000<\/strong>\u00a0olarak form\u00fcle edilmi\u015ftir.<\/p>\n<p>Ancak bu noktada dikkat edilmesi gereken \u00f6nemli bir konu var. E\u011fer g\u00f6nderiniz bir zarf de\u011fil koli ise, koli se\u00e7iminde bilin\u00e7li ve dikkatli olmak gerekiyor. Zira g\u00f6nderinin hacimsel a\u011f\u0131rl\u0131\u011f\u0131 kolinin b\u00fcy\u00fckl\u00fc\u011f\u00fcnden direkt olarak etkileniyor. E\u011fer koli gere\u011finden b\u00fcy\u00fck se\u00e7ildiyse yap\u0131lan i\u015flem sonucunda \u00e7\u0131kacak de\u011fer y\u00fcksek olacakt\u0131r. Kargo fiyat hesaplama da y\u00fcksek de\u011fer \u00fczerinden ger\u00e7ekle\u015ftirilece\u011fi i\u00e7in kargoyu g\u00f6nderen daha y\u00fcksek \u00fccret demek zorunda kalacak. Bu durumla kar\u015f\u0131la\u015fmamak i\u00e7in en hafif g\u00f6nderiyi en k\u00fc\u00e7\u00fck kolide g\u00f6ndermek gerekiyor.<\/p>\n<p>E\u011fer 60x40x40 ebad\u0131nda bir koli ile 5 kilograml\u0131k bir \u00fcr\u00fcn g\u00f6nderecekseniz, kilogram hesab\u0131na g\u00f6re yakla\u015f\u0131k 4 kat fazla \u00fccret \u00f6demek zorunda kalabilirsiniz. \u00c7\u00fcnk\u00fc i\u015flem sonunda 19.2 sonucuna ula\u015f\u0131lacak. G\u00f6nderinizin kilogram cinsinden a\u011f\u0131rl\u0131\u011f\u0131 ise 5 kg. Kargo fiyat hesaplama, y\u00fcksek olan 19.2 de\u011feri \u00fczerinden devam edece\u011fi i\u00e7in g\u00f6nderenin cebinden daha y\u00fcksek kargo \u00fccreti \u00e7\u0131kacakt\u0131r.<\/p>\n<p><a href=\"https:\/\/www.avrupakargo.com\/Corporate.aspx\" target=\"_blank\" rel=\"noopener noreferrer\">G\u00f6nderinizin Hacimsel a\u011f\u0131rl\u0131\u011f\u0131n\u0131 hesaplama<\/a>\u00a0ve \u00e7\u0131kacak \u00fccretleri g\u00f6rmek i\u00e7in t\u0131klay\u0131n\u0131z.<\/p>\n<hr \/>\n<h2><strong>Fransa Kargo Fiyat Hesaplama<\/strong><\/h2>\n<h2><strong><img loading=\"lazy\" decoding=\"async\" class=\"alignnone size-full wp-image-1859\" src=\"https:\/\/www.avrupakargo.com\/Blog\/wp-content\/uploads\/2022\/05\/Agirlik_Hesaplama.jpg\" alt=\"Kargo Fiyat Hesaplama\" width=\"1202\" height=\"300\" srcset=\"https:\/\/www.avrupakargo.com\/Blog\/wp-content\/uploads\/2022\/05\/Agirlik_Hesaplama.jpg 1202w, https:\/\/www.avrupakargo.com\/Blog\/wp-content\/uploads\/2022\/05\/Agirlik_Hesaplama-300x75.jpg 300w, https:\/\/www.avrupakargo.com\/Blog\/wp-content\/uploads\/2022\/05\/Agirlik_Hesaplama-1024x256.jpg 1024w, https:\/\/www.avrupakargo.com\/Blog\/wp-content\/uploads\/2022\/05\/Agirlik_Hesaplama-768x192.jpg 768w\" sizes=\"auto, (max-width: 1202px) 100vw, 1202px\" \/>\u00a0\u00a0<\/strong><\/h2>\n<p>Fransa kargo fiyatlar\u0131n\u0131n hesaplanmas\u0131n\u0131 Avrupa Kargo \u00fczerinden anlataca\u011f\u0131z.<\/p>\n<p><a href=\"https:\/\/www.avrupakargo.com\/Default.aspx\">Avrupa Kargo<\/a>\u00a0adresine girdi\u011finizde kar\u015f\u0131n\u0131za\u00a0<strong>&#8220;G\u00f6nderi&#8221;\u00a0<\/strong>men\u00fcs\u00fcnde \u00e7\u0131kan\u00a0<a href=\"https:\/\/www.avrupakargo.com\/Individual.aspx\"><strong>&#8220;Bireysel G\u00f6nderi&#8221;<\/strong><\/a>\u00a0veya\u00a0<a href=\"https:\/\/www.avrupakargo.com\/Corporate.aspx\"><strong>&#8220;Kurumsal G\u00f6nderi&#8221;<\/strong><\/a>\u00a0sayfalar\u0131nda \u00e7\u0131kacak &#8220;U\u00e7ak Kargo Fiyat Hesaplama&#8221; b\u00f6l\u00fcm\u00fcne kargonuzun gidece\u011fi \u00fclke olarak Fransa\u2019y\u0131 i\u015faretledikten sonra, kargonuzun kilo bilgisini de vermeniz gerekiyor. B\u00f6ylece Fransa\u00a0kargonun\u00a0\u00f6rne\u011fin Paris\u2019e ne kadar bir \u00fccret kar\u015f\u0131l\u0131\u011f\u0131 g\u00f6nderilece\u011fini an\u0131nda g\u00f6r\u00fcyorsunuz.<\/p>\n<hr \/>\n<h2><span id=\"Fransa_Kargo_Fiyatlari\" class=\"ez-toc-section\"><\/span><strong>Fransa Kargo Fiyatlar\u0131<\/strong><\/h2>\n<p><img loading=\"lazy\" decoding=\"async\" class=\"alignnone wp-image-1578 size-full\" src=\"https:\/\/www.avrupakargo.com\/Blog\/wp-content\/uploads\/2022\/03\/Fransa-1_Kargo-1_Fiyatlari-1-1.jpg\" alt=\"Fransa Kargo Fiyatlar\u0131\" width=\"1200\" height=\"400\" \/><\/p>\n<p>Fransa kargonuzun U\u00e7ak kargo g\u00f6ndere olarak 0.5 kg, 10 ve 20 kg\u2019l\u0131k \u00fccretini Avrupa Kargo\u2019da birlikte hesaplayal\u0131m.<\/p>\n<p>Kargonuz; 0.5 kg: 20 Euro | 10 kg: 120 Euro | 35 kg ve \u00fczeri i\u00e7in : Kilo ba\u015f\u0131 birim maliyetiniz 5 Euro olarak hesaplan\u0131r yani 40 Kg bir g\u00f6nderimiz i\u00e7in 200 Euro (40&#215;5\u20ac=200 \u20ac)- 50 Kiloluk bir g\u00f6nderiniz i\u00e7in 250 (50&#215;5\u20ac=250 \u20ac) Euro \u00f6dersiniz. * T\u00fcm Fiyatlar\u0131 g\u00f6r\u00fcnt\u00fclemek\u00a0<a href=\"https:\/\/www.avrupakargo.com\/Corporate.aspx\"><strong>\u2018U\u00e7ak Kargo Fiyat Hesaplama\u2019<\/strong><\/a>\u00a0hesaplama arac\u0131n\u0131 kullanabilirsiniz. D\u00fczenli g\u00f6nderileriniz varsa, kurumsal m\u00fc\u015fteri temsilcilerimiz ile g\u00f6r\u00fc\u015ferek, daha uygun rakamlar alabilirsiniz.<\/p>\n<hr \/>\n<h2><span id=\"Fransa_Kargo_Gonderimi\" class=\"ez-toc-section\"><\/span><strong>Fransa Kargo G\u00f6nderimi<\/strong><\/h2>\n<p><img loading=\"lazy\" decoding=\"async\" class=\"alignnone wp-image-1500 size-full\" src=\"https:\/\/www.avrupakargo.com\/Blog\/wp-content\/uploads\/2022\/03\/Kurye_Cagir-1.jpg\" alt=\"\" width=\"1110\" height=\"300\" srcset=\"https:\/\/www.avrupakargo.com\/Blog\/wp-content\/uploads\/2022\/03\/Kurye_Cagir-1.jpg 1110w, https:\/\/www.avrupakargo.com\/Blog\/wp-content\/uploads\/2022\/03\/Kurye_Cagir-1-300x81.jpg 300w, https:\/\/www.avrupakargo.com\/Blog\/wp-content\/uploads\/2022\/03\/Kurye_Cagir-1-1024x277.jpg 1024w, https:\/\/www.avrupakargo.com\/Blog\/wp-content\/uploads\/2022\/03\/Kurye_Cagir-1-768x208.jpg 768w\" sizes=\"auto, (max-width: 1110px) 100vw, 1110px\" \/><\/p>\n<p>Fransa kargo g\u00f6nderim i\u015fleminin son ad\u0131m\u0131 fiyat bilgisini al\u0131p, \u00f6demeyi yapmak ve kargoyu teslim etmek. Bunu kendiniz yapabilece\u011finiz gibi bulundu\u011funuz yere kurye de \u00e7a\u011f\u0131rabilirsiniz.<\/p>\n<p>Kurye \u00e7a\u011f\u0131rma b\u00f6l\u00fcm\u00fcne m\u00fc\u015fteri ad\u0131 soyad\u0131, telefon numaras\u0131 ve Fransa\u00a0g\u00f6nderisinin al\u0131nma tarihini girdikten sonra yapman\u0131z gereken tek \u015fey kuryenin kap\u0131n\u0131z\u0131 \u00e7alaca\u011f\u0131 an\u0131 beklemek\u2026<\/p>\n<hr \/>\n<h2><span id=\"Turkiyeden_Fransaya_Kargo_Kac_Gunde_Gider\" class=\"ez-toc-section\"><\/span><strong>T\u00fcrkiye\u2019den Fransa\u2019ya Kargo Ka\u00e7 G\u00fcnde Gider?<\/strong><\/h2>\n<p>Kuryemiz Fransa kargonuzu ald\u0131ktan sonra pazar g\u00fcn\u00fc hari\u00e7 her ak\u015fam yap\u0131lan u\u00e7u\u015flarla g\u00f6nderinizi yola \u00e7\u0131kar\u0131yoruz. Fransa\u2019ya ortalama 1 i\u015f g\u00fcn\u00fcnde teslimat yap\u0131labiliyor. \u0130stanbul\u2019dan yola \u00e7\u0131kan bir Fransa kargo sadece 24 saat i\u00e7inde al\u0131c\u0131s\u0131n\u0131n elinde olabiliyor.<\/p>\n<p>Fransa\u2019ya g\u00f6nderilen kargonun bu kadar h\u0131zl\u0131 teslim edilmesinde hem T\u00fcrkiye ile co\u011frafi yak\u0131nl\u0131k hem de bu \u00fclkeye d\u00fczenlenen u\u00e7ak seferlerinin s\u0131kl\u0131\u011f\u0131 da etkili oluyor.<\/p>\n<hr \/>\n<h3><span id=\"Turkiyenin_Her_Yerinden_Fransanin_Her_Sehrine_Kargo\" class=\"ez-toc-section\"><\/span><strong>T\u00fcrkiye\u2019nin Her Yerinden Fransa\u2019n\u0131n Her \u015eehrine Kargo<\/strong><\/h3>\n<p>T\u00fcrkiye\u2019nin ister en \u00e7ok ihracat yap\u0131lan \u015fehri \u0130stanbul\u2019dan Paris\u2019e, ya da Fransa\u2019ya en \u00e7ok ihracat yap\u0131lan iller s\u0131ralamas\u0131nda ikinci s\u0131rada yer alan Kocaeli&#8217;nden veya 3. S\u0131radaki Bursa\u2019dan, Fransa\u2019n\u0131n en b\u00fcy\u00fck ikinci kenti Marsilya\u2019ya ya da Cannes\u2019a, Lyon\u2019a bir yurtd\u0131\u015f\u0131 kargonuz varsa \u00e7alman\u0131z gereken kap\u0131 Avrupa Kargo.<\/p>\n<p>Avrupa Kargo T\u00fcrkiye\u2019den Fransa\u2019n\u0131n her<\/p>\n<p>Kargo takibi ile g\u00f6nderinizi ad\u0131m ad\u0131m takip al\u0131c\u0131s\u0131na ula\u015ft\u0131\u011f\u0131 an\u0131 birebir kontrol edebilirsiniz. Bu sayede ald\u0131\u011f\u0131n\u0131z hizmetin kalitesini birebir deneyimleyebilirsiniz.<\/p>\n<p>Kargonuzu g\u00f6nderimi ger\u00e7ekle\u015ftirecek firmaya teslim etti\u011finizde size verilen kargo takip numaras\u0131 ile Fransa yolculu\u011funa ba\u015flam\u0131\u015f koli ya da zarf\u0131n\u0131z\u0131 ad\u0131m ad\u0131m takip edebilirsiniz.<\/p>\n<p>G\u00f6nderimi yapt\u0131\u011f\u0131n\u0131z firman\u0131n internet sitesine girerek, kargo takip b\u00f6l\u00fcm\u00fcne takip numaras\u0131n\u0131 girmeniz bu i\u015flem i\u00e7in yeterli.<\/p>\n<p>\u0130stedi\u011finiz an takibini yapt\u0131\u011f\u0131n\u0131z Fransa kargonuz<strong>,<\/strong>\u00a0zaman\u0131nda yerine ula\u015ft\u0131\u011f\u0131nda i\u015flerinizin kesintiye u\u011framas\u0131 riskini azalt\u0131r. Bu \u015fekilde i\u015f ba\u011flant\u0131s\u0131 yapt\u0131\u011f\u0131n\u0131z ki\u015fi ya da ki\u015filer kar\u015f\u0131s\u0131nda prestijiniz de artacakt\u0131r.<\/p>\n<p>Ayr\u0131ca Fransa kargo takip yaparak, g\u00f6nderinin teslimat\u0131nda ya\u015fanacak herhangi bir gecikmeye de zaman\u0131nda m\u00fcdahale etmek m\u00fcmk\u00fcn. G\u00fcmr\u00fckte ya\u015fanan bir sorun nedeniyle ya\u015fanacak gecikmeyi, g\u00fcmr\u00fckteki sorunu ortadan kald\u0131rarak bertaraf edebilir, kargo firmas\u0131 kaynakl\u0131 gecikmeyi de firmaya ula\u015farak engelleyebilirsiniz.<\/p>\n<p>Adresine kargonuzu teslim ediyor ve bu taahh\u00fcd\u00fcn\u00fc ba\u015far\u0131yla yerine getiriyor.<\/p>\n<hr \/>\n<h2><span id=\"Fransa_Kargo_Takibi\" class=\"ez-toc-section\"><\/span><strong>Fransa Kargo Takibi<\/strong><\/h2>\n<p><img loading=\"lazy\" decoding=\"async\" class=\"alignnone wp-image-1579 size-full\" src=\"https:\/\/www.avrupakargo.com\/Blog\/wp-content\/uploads\/2022\/03\/Fransa_Kargo_Takip-1.jpg\" alt=\"\" width=\"1200\" height=\"400\" srcset=\"https:\/\/www.avrupakargo.com\/Blog\/wp-content\/uploads\/2022\/03\/Fransa_Kargo_Takip-1.jpg 1200w, https:\/\/www.avrupakargo.com\/Blog\/wp-content\/uploads\/2022\/03\/Fransa_Kargo_Takip-1-300x100.jpg 300w, https:\/\/www.avrupakargo.com\/Blog\/wp-content\/uploads\/2022\/03\/Fransa_Kargo_Takip-1-1024x341.jpg 1024w, https:\/\/www.avrupakargo.com\/Blog\/wp-content\/uploads\/2022\/03\/Fransa_Kargo_Takip-1-768x256.jpg 768w\" sizes=\"auto, (max-width: 1200px) 100vw, 1200px\" \/><\/p>\n<p>Kargo takibi ile g\u00f6nderinizi ad\u0131m ad\u0131m takip al\u0131c\u0131s\u0131na\u00a0ula\u015ft\u0131\u011f\u0131 an\u0131 birebir kontrol edebilirsiniz. Bu sayede ald\u0131\u011f\u0131n\u0131z hizmetin kalitesini birebir deneyimleyebilirsiniz.<\/p>\n<p>Kargonuzu g\u00f6nderimi ger\u00e7ekle\u015ftirecek firmaya teslim etti\u011finizde size verilen kargo takip numaras\u0131 ile Fransa yolculu\u011funa ba\u015flam\u0131\u015f koli ya da zarf\u0131n\u0131z\u0131 ad\u0131m ad\u0131m takip edebilirsiniz.<\/p>\n<p>G\u00f6nderimi yapt\u0131\u011f\u0131n\u0131z firman\u0131n internet sitesine girerek, kargo takip b\u00f6l\u00fcm\u00fcne takip numaras\u0131n\u0131 girmeniz bu i\u015flem i\u00e7in yeterli.<\/p>\n<p>\u0130stedi\u011finiz an takibini yapt\u0131\u011f\u0131n\u0131z Fransa kargonuz<strong>,<\/strong>\u00a0zaman\u0131nda yerine ula\u015ft\u0131\u011f\u0131nda i\u015flerinizin kesintiye u\u011framas\u0131 riskini azalt\u0131r. Bu \u015fekilde i\u015f ba\u011flant\u0131s\u0131 yapt\u0131\u011f\u0131n\u0131z ki\u015fi ya da ki\u015filer kar\u015f\u0131s\u0131nda prestijiniz de artacakt\u0131r.<\/p>\n<p>Ayr\u0131ca Fransa kargo takip yaparak, g\u00f6nderinin teslimat\u0131nda ya\u015fanacak herhangi bir gecikmeye de zaman\u0131nda m\u00fcdahale etmek m\u00fcmk\u00fcn. G\u00fcmr\u00fckte ya\u015fanan bir sorun nedeniyle ya\u015fanacak gecikmeyi, g\u00fcmr\u00fckteki sorunu ortadan kald\u0131rarak bertaraf edebilir, kargo firmas\u0131 kaynakl\u0131 gecikmeyi de firmaya ula\u015farak engelleyebilirsiniz.<\/p>\n<hr \/>\n<h3><strong>Fransa\u2019dan T\u00fcrkiye\u2019ye Kargo<\/strong><\/h3>\n<p>Fransa\u2019dan T\u00fcrkiye\u2019ye kargo g\u00f6ndermek de san\u0131ld\u0131\u011f\u0131 gibi zor i\u015flem de\u011fil. Fransa\u2019da yat\u0131r\u0131mlar\u0131 olan T\u00fcrk i\u015fadam\u0131 veya orada e\u011fitim g\u00f6ren T\u00fcrk \u00f6\u011frencinin T\u00fcrkiye\u2019ye ayn\u0131 kolayl\u0131kla g\u00f6nderim yapmas\u0131 m\u00fcmk\u00fcn. B\u00f6ylece Paris\u2019ten \u0130stanbul\u2019a, Lyon\u2019dan Bursa\u2019ya ya da Nantes\u2019dan Kocaeli&#8217;yle ayn\u0131 h\u0131z ve g\u00fcvenlik \u015fartlar\u0131nda ithalat \u00fcr\u00fcn\u00fc ya da evrak da g\u00f6nderebilirsiniz.<\/p>\n<hr \/>\n<h3><span id=\"Fransaya_Kargo_ile_Gonderilemeyecek_Urunler\" class=\"ez-toc-section\"><\/span><strong>Fransa\u2019ya Kargo ile G\u00f6nderilemeyecek \u00dcr\u00fcnler<\/strong><\/h3>\n<p>Fransa\u2019ya kargo ile g\u00f6nderilemeyecek \u00fcr\u00fcn gruplar\u0131n\u0131n oldu\u011fu i\u015flemler s\u0131ras\u0131nda g\u00f6zden ka\u00e7\u0131r\u0131lmamal\u0131d\u0131r. \u00a0 Ama unutulmamas\u0131 gereken nokta, T\u00fcrk Ticaret Kanunu\u2019nca yasak olan hi\u00e7bir mal\u0131n ta\u015f\u0131nmas\u0131 serbest de\u011fildir. Yan\u0131c\u0131 ve yak\u0131c\u0131 g\u00f6nderileri i\u015fleme almak m\u00fcmk\u00fcn de\u011fildir.<\/p>\n<p>Fransa yasakl\u0131 g\u00f6nderiler listesine,\u00a0<a href=\"https:\/\/www.avrupakargo.com\/Prohibited-items.aspx\">buraya t\u0131klayarak<\/a>\u00a0ula\u015fabilirsiniz.<\/p>\n<hr \/>\n<h3><span id=\"Fransa_Kargoda_Mevzuata_Dikkat\" class=\"ez-toc-section\"><\/span><strong>Fransa Kargoda Mevzuata Dikkat<\/strong><\/h3>\n<p>Fransa\u2019ya\u00a0kargo\u00a0g\u00f6nderimi yaparken g\u00f6z \u00f6n\u00fcne al\u0131nmas\u0131 gereken kurallar ve mevzuat h\u00fck\u00fcmleri var.<\/p>\n<p>T\u00fcrkiye\u2019den Fransa\u2019ya veya Fransa\u2019dan T\u00fcrkiye\u2019ye g\u00f6nderim yaparken Fransa\u2019n\u0131n g\u00fcmr\u00fck ve vergi mevzuatlar\u0131na, g\u00fcmr\u00fck tarifelerine harfiyen uyulmas\u0131 gerekiyor.<\/p>\n<p>\u00d6rne\u011fin Fransa\u2019ya a\u011f\u0131rl\u0131k ve hacimsel bak\u0131mdan 70 kilogram \u00fczeri kargo g\u00f6nderlerinin, g\u00fcmr\u00fck mevzuat i\u015flemlerine tabi tutularak i\u015flem g\u00f6rd\u00fc\u011f\u00fcn\u00fc ak\u0131ldan \u00e7\u0131karmamak gerek.<\/p>\n<hr \/>\n<h3><span id=\"Fransaya_AvrupaKargo_ile_Hizli_Yurtdisi_Kargo\" class=\"ez-toc-section\"><\/span><strong>Fransa\u2019ya Avrupa Kargo ile H\u0131zl\u0131 Yurtd\u0131\u015f\u0131 Kargo<\/strong><\/h3>\n<p>Fransa\u2019ya hava kargo ile g\u00f6nderilecek bir g\u00f6nderi T\u00fcrkiye\u2019nin bir\u00e7ok \u015fehrinden ayn\u0131 g\u00fcn i\u00e7inde yola \u00e7\u0131kar. \u0130stanbul\u2019dan Paris\u2019e, Paris\u2019ten Adana\u2019ya ya da T\u00fcrkiye\u2019nin do\u011fu ucu Kars\u2019a hava kargo ile g\u00f6nderileriniz tam zaman\u0131nda sahibinin eline ula\u015f\u0131r.<\/p>\n<p>Yeni \u0130stanbul Havaliman\u0131\u2019ndan kalkan bir u\u00e7a\u011fa verece\u011fimiz kargonuz en ge\u00e7 3 i\u015f g\u00fcn\u00fc i\u00e7inde Nice\u2019de bir evde ya da ofiste sahibinin elinde olur.<\/p>\n<p>Siz kargonuzu Avrupa Kargo\u2019ya teslim edin ve gerisini biz hallederiz.<\/p>\n<hr \/>\n<h3><span id=\"Guvenilir_Cozum_Ortaklari\" class=\"ez-toc-section\"><\/span><strong>G\u00fcvenilir \u00c7\u00f6z\u00fcm Ortaklar\u0131<\/strong><\/h3>\n<p>Fransa kargolar\u0131n\u0131z\u0131 da DHL, FEDEX, UPS, TNT ile ta\u015f\u0131tan Avrupa Kargo Fransa ile birlikte 220+ \u00fclkeye g\u00f6ndermek istedi\u011finiz t\u00fcm yurtd\u0131\u015f\u0131 g\u00f6nderilerimiz i\u00e7in bir t\u0131k uza\u011f\u0131n\u0131zda.<\/p>\n<hr \/>\n<h2><strong>Fransa Kargo \u0130\u00e7in S\u0131k\u00e7a Sorulan Sorular<\/strong><\/h2>\n<p><img loading=\"lazy\" decoding=\"async\" class=\"alignnone wp-image-1529 size-full\" src=\"https:\/\/www.avrupakargo.com\/Blog\/wp-content\/uploads\/2022\/03\/Yurtdisi_Kargo_SSS-1.jpg\" alt=\"\" width=\"1140\" height=\"231\" srcset=\"https:\/\/www.avrupakargo.com\/Blog\/wp-content\/uploads\/2022\/03\/Yurtdisi_Kargo_SSS-1.jpg 1140w, https:\/\/www.avrupakargo.com\/Blog\/wp-content\/uploads\/2022\/03\/Yurtdisi_Kargo_SSS-1-300x61.jpg 300w, https:\/\/www.avrupakargo.com\/Blog\/wp-content\/uploads\/2022\/03\/Yurtdisi_Kargo_SSS-1-1024x207.jpg 1024w, https:\/\/www.avrupakargo.com\/Blog\/wp-content\/uploads\/2022\/03\/Yurtdisi_Kargo_SSS-1-768x156.jpg 768w\" sizes=\"auto, (max-width: 1140px) 100vw, 1140px\" \/><\/p>\n<hr \/>\n<h3><strong>T\u00fcrkiye\u2019den Fransa\u2019ya Kargo Fiyatlar\u0131 Ne Kadar?<\/strong><\/h3>\n<p>T\u00fcrkiye\u2019den Fransa\u2019ya kargo fiyatlar\u0131n\u0131 \u00f6\u011frenmek i\u00e7in, sayfan\u0131n alt\u0131nda duran Fiyat Al butonuna t\u0131klaman\u0131z yeterli. A\u00e7\u0131lan sayfada \u00fclke olarak Fransa se\u00e7tikten sonra, kolinizin a\u011f\u0131rl\u0131\u011f\u0131n\u0131 se\u00e7ti\u011finizde fiyat\u0131 otomatik olarak g\u00f6rmek m\u00fcmk\u00fcnd\u00fcr. Fransa i\u00e7in 0,5kg ta\u015f\u0131ma rakamlar\u0131 20 Euro&#8217;dan ba\u015fl\u0131yor ve d\u00f6nemsel olarak de\u011fi\u015fiklik m\u00fcmk\u00fcnd\u00fcr.<\/p>\n<hr \/>\n<h3><span id=\"Turkiyeden_Fransaya_Kargo_kac_gunde_gider\" class=\"ez-toc-section\"><\/span><strong>T\u00fcrkiye\u2019den Fransa\u2019ya Kargo ka\u00e7 g\u00fcnde gider?<\/strong><\/h3>\n<p>Merkezimize ula\u015fan t\u00fcm g\u00f6nderilerin yurtd\u0131\u015f\u0131 \u00e7\u0131k\u0131\u015flar\u0131, her g\u00fcn, ayn\u0131 g\u00fcn\u00fcn ak\u015fam\u0131 (pazar g\u00fcnleri hari\u00e7) yap\u0131lmaktad\u0131r. U\u00e7u\u015fu olan t\u00fcm Fransa kargolar\u0131 ortalama 1 i\u015f g\u00fcn\u00fcnde teslim olur. G\u00fcmr\u00fckteki incelemeler, uzak b\u00f6lge teslimatlar\u0131 ve zorunlu gecikmeler bu s\u00fcreyi uzat\u0131r.<\/p>\n<hr \/>\n<h3><span id=\"Fransa_icin_yurtdisi_kargo_takibi_nasil_yapilir\" class=\"ez-toc-section\"><\/span><strong>Fransa i\u00e7in yurtd\u0131\u015f\u0131 kargo takibi nas\u0131l yap\u0131l\u0131r?<\/strong><\/h3>\n<p>Avrupa Kargo, t\u00fcm g\u00f6nderilerini TNT, DHL, UPS ve FedEx ile \u00e7\u0131karmaktad\u0131r. Fransa i\u00e7in haz\u0131rlad\u0131\u011f\u0131m\u0131z yurtd\u0131\u015f\u0131 evraklar\u0131nda kon\u015fimentonuzun sa\u011f \u00fcst k\u00f6\u015fesinde bir numara var. Barkodun alt\u0131nda bulunan bu kon\u015fimento numaras\u0131yla t\u00fcm kargo takiplerinizi ger\u00e7ekle\u015ftirebilirsiniz. AvrupaKargo.com adresindeki Yurtd\u0131\u015f\u0131 Kargo Takip sayfas\u0131na, kargo takip numaran\u0131z\u0131 yazarak durumunu \u00f6\u011frenebilirsiniz veya Kargonuz hangi operat\u00f6r\u00fc ile \u00e7\u0131kar\u0131ld\u0131ysa, bizim d\u0131\u015f\u0131m\u0131zda onlar\u0131n web sitesinden de takibini yapabilirsiniz.<\/p>\n<hr \/>\n<h3><span id=\"Fransa_kargo_fiyatlarini_degistiren_etmenler_nelerdir\" class=\"ez-toc-section\"><\/span><strong>Fransa kargo fiyatlar\u0131n\u0131 de\u011fi\u015ftiren etmenler nelerdir?<\/strong><\/h3>\n<p>Fransa\u2019ya kargo g\u00f6nderirken maliyetinizi de\u011fi\u015ftiren 2 temel unsur vard\u0131r. Bunlar\u0131n birincisi g\u00f6nderinizin a\u011f\u0131rl\u0131\u011f\u0131d\u0131r. \u0130kinci dikkat edilen konu ise g\u00f6nderinizin hacimsel (desi) a\u011f\u0131rl\u0131\u011f\u0131d\u0131r. Yurtd\u0131\u015f\u0131 express kurye g\u00f6nderilerinde, bu iki de\u011ferden hangisi b\u00fcy\u00fckse ondan fatura \u00e7\u0131kar.<\/p>\n<hr \/>\n<h3><span id=\"Turkiyeden_Fransaya_en_uygun_fiyata_kargo_nasil_gonderilir\" class=\"ez-toc-section\"><\/span><strong>T\u00fcrkiye\u2019den Fransa\u2019ya en uygun fiyata kargo nas\u0131l g\u00f6nderilir?<\/strong><\/h3>\n<p>Avrupa Kargo, T\u00fcrkiye\u2019nin en b\u00fcy\u00fck online yurtd\u0131\u015f\u0131 kargo toptanc\u0131s\u0131d\u0131r. Binlerce m\u00fc\u015fterisi bulunmakta ve \u00e7a\u011fr\u0131 merkezi her g\u00fcn binlerce m\u00fc\u015fteri talebine yan\u0131t vermektedir. Elindeki b\u00fcy\u00fck hacimle, DHL, TNT, UPS, FedEx gibi global ekspress kargo ta\u015f\u0131y\u0131c\u0131lar\u0131yla kurumsal anla\u015fmalar yapar. Ek olarak ald\u0131\u011f\u0131 indirimleri, avantajl\u0131 fiyatlar ile m\u00fc\u015fterilerine iletir. Fransa\u2019ya en ucuz kargo fiyat\u0131na ula\u015fmak i\u00e7in gereken tek \u015fey, +90 212 668 57 57 numaral\u0131 m\u00fc\u015fteri hizmetleri hatt\u0131n\u0131 aramak. Ek olarak info@avrupakargo.com adresine email atabilirsiniz. Unutmay\u0131n, \u015firketseniz veya d\u00fczenli g\u00f6nderi yap\u0131yorsan\u0131z, \u00f6zel fiyatlar isteyebilirsiniz.<\/p>\n<hr \/>\n<h3><span id=\"Turkiyeden_Fransaya_online_kargo_gonderimi_nasil_yapilir\" class=\"ez-toc-section\"><\/span><strong>T\u00fcrkiye\u2019den Fransa\u2019ya online kargo g\u00f6nderimi nas\u0131l yap\u0131l\u0131r?<\/strong><\/h3>\n<p>Avrupa Kargo M\u00fc\u015fteri Panelinde G\u00f6nderi Yap butonuna t\u0131klad\u0131\u011f\u0131n\u0131zda g\u00f6nderme ekran\u0131yla kar\u015f\u0131la\u015facaks\u0131n\u0131z. Burada kargonuzun g\u00f6ndericisi, al\u0131c\u0131s\u0131, i\u00e7eri\u011fi ve \u00f6l\u00e7\u00fclerini girece\u011finiz bir ekran kar\u015f\u0131n\u0131za \u00e7\u0131k\u0131yor. Buraya Fransa i\u00e7in gerekli bilgileri girdi\u011finizde, otomatik olarak kayd\u0131n\u0131z d\u00fc\u015fer ve kargo etiketiniz haz\u0131r olur. Sadece bu kargo etiketinden \u00e7\u0131kt\u0131 alarak, g\u00f6nderinizi bize \u00fccretsiz \u015fekilde ula\u015ft\u0131rabilirsiniz.<\/p>\n<hr \/>\n<h3><span id=\"Fransaya_en_hizli_kargo_hangisi\" class=\"ez-toc-section\"><\/span><strong>Fransa\u2019ya en h\u0131zl\u0131 kargo hangisi?<\/strong><\/h3>\n<p>Fransa\u2019ya acil kargolar\u0131n\u0131z i\u00e7in kullanabilece\u011finiz en do\u011fru se\u00e7enek Avrupa Kargo olacakt\u0131r. \u00c7\u00fcnk\u00fc Avrupa Kargo, TNT, UPS, FedEx ve DHL ile \u00f6zel anla\u015fmal\u0131d\u0131r. \u00dcstelik Pazar g\u00fcnleri hari\u00e7 her g\u00fcn yurtd\u0131\u015f\u0131 \u00e7\u0131k\u0131\u015f\u0131 ger\u00e7ekle\u015fmektedir. T\u00fcrkiye\u2019den Fransa\u2019ya ortalama kargo s\u00fcresi 1 i\u015f g\u00fcn\u00fcd\u00fcr.<\/p>\n<hr \/>\n<h3><span id=\"Fransaya_kargo_nasil_gonderilir\" class=\"ez-toc-section\"><\/span><strong>Fransa\u2019ya kargo nas\u0131l g\u00f6nderilir?<\/strong><\/h3>\n<p>Fransa\u2019ya kargo yollamak i\u00e7in yapman\u0131z gereken, m\u00fcmk\u00fcn oldu\u011funca sa\u011flam ve k\u00fc\u00e7\u00fck bir paket yapman\u0131zd\u0131r. Kolilerinizin \u00f6l\u00e7\u00fcleri belli oldu\u011funda, +90 212 668 5757 numaral\u0131 m\u00fc\u015fteri hizmetlerimizi aray\u0131p hem maliyetlerinizi \u00f6\u011frenirsiniz. \u00dcstelik o \u00fclke ile alakal\u0131 g\u00fcncel bilgileri \u00f6\u011frenip, hem de kargo toplamalar\u0131n\u0131z\u0131 h\u0131zl\u0131ca yapmak m\u00fcmk\u00fcn.<\/p>\n<hr \/>\n<h3><span id=\"Fransa_icin_kargo_agirlik_hesaplama_islemi_nasil_yapilir\" class=\"ez-toc-section\"><\/span><strong>Fransa i\u00e7in kargo a\u011f\u0131rl\u0131k hesaplama i\u015flemi nas\u0131l yap\u0131l\u0131r?<\/strong><\/h3>\n<p>Fransa\u2019ya g\u00f6ndermek istedi\u011finiz paketinizin a\u011f\u0131rl\u0131\u011f\u0131n\u0131 \u00f6l\u00e7mek i\u00e7in en do\u011fru y\u00f6ntem kilogram veya hacim (desi) hesaplamas\u0131d\u0131r. Desi hesaplamas\u0131 yaparken: EN X BOY X Y\u00dcKSEKL\u0130K \/5000 form\u00fcl\u00fcn\u00fc kullanmak gerekir. G\u00f6nderinizin a\u011f\u0131rl\u0131\u011f\u0131n\u0131 \u00f6l\u00e7t\u00fcyseniz fiyat hesaplamaya devam edebilirsiniz. \u00d6rne\u011fin: Fransa\u2019ya 20 KG a\u011f\u0131rl\u0131\u011f\u0131nda 50*40*50 \u00f6l\u00e7\u00fclerinde bir paket g\u00f6ndermek istedi\u011finizde; 50*40*50 \/5000 y\u00f6ntemi ile Desi a\u011f\u0131rl\u0131\u011f\u0131n\u0131 20 KG denk geldi\u011fini g\u00f6rebilirsiniz.<\/p>\n<hr \/>\n<h2>Fransa?<\/h2>\n<p><img loading=\"lazy\" decoding=\"async\" class=\"alignnone wp-image-1577 size-full\" src=\"https:\/\/www.avrupakargo.com\/Blog\/wp-content\/uploads\/2022\/03\/Fransa-1.jpg\" alt=\"\" width=\"1200\" height=\"400\" srcset=\"https:\/\/www.avrupakargo.com\/Blog\/wp-content\/uploads\/2022\/03\/Fransa-1.jpg 1200w, https:\/\/www.avrupakargo.com\/Blog\/wp-content\/uploads\/2022\/03\/Fransa-1-300x100.jpg 300w, https:\/\/www.avrupakargo.com\/Blog\/wp-content\/uploads\/2022\/03\/Fransa-1-1024x341.jpg 1024w, https:\/\/www.avrupakargo.com\/Blog\/wp-content\/uploads\/2022\/03\/Fransa-1-768x256.jpg 768w\" sizes=\"auto, (max-width: 1200px) 100vw, 1200px\" \/><\/p>\n<p>Fransa Frans\u0131zca: Franceya da resm\u00ee ad\u0131yla Fransa Cumhuriyeti veya Frans\u0131z Cumhuriyeti (Frans\u0131zca: R\u00e9publique fran\u00e7aise [\u0281epyblik f\u0281\u0251\u0303s\u025bz], \u00e7ev.\u2009&#8217;Frans\u0131z Cumhuriyeti&#8217;), ana kara topraklar\u0131 Bat\u0131 Avrupa&#8217;da bulunan ve d\u00fcnyan\u0131n pek \u00e7ok b\u00f6lgesinde deniza\u015f\u0131r\u0131 topraklar\u0131 olan bir \u00fclkedir.<\/p>\n<p>K\u0131ta Fransa&#8217;s\u0131, g\u00fcneyde Akdeniz&#8217;den kuzeyde Man\u015f Denizi ve Kuzey Denizi&#8217;ne, do\u011fuda Ren Nehri&#8217;nden bat\u0131da Atlas Okyanusu&#8217;na kadar yay\u0131lan topraklarda yer al\u0131r. Frans\u0131zlar, \u00fclkelerini topraklar\u0131n\u0131n bi\u00e7iminden \u00f6t\u00fcr\u00fc Alt\u0131gen (Frans\u0131zca: L&#8217;H\u00e9xagone, okunu\u015fu: &#8220;l&#8217;e-gza-gon&#8221;) olarak adland\u0131r\u0131rlar.<\/p>\n<p>Fransa, y\u00f6netimde yar\u0131 ba\u015fkanl\u0131k sisteminin uyguland\u0131\u011f\u0131 \u00fcniter bir devlettir. \u00dclkenin ba\u015fl\u0131ca ilke ve \u00fclk\u00fcleri \u0130nsan ve Yurtta\u015f Haklar\u0131 Bildirisi&#8217;nde a\u00e7\u0131klanm\u0131\u015ft\u0131r.<\/p>\n<p>Fransa&#8217;n\u0131n Avrupa k\u0131tas\u0131ndaki kom\u015fular\u0131 Bel\u00e7ika, L\u00fcksemburg, Almanya, \u0130svi\u00e7re, \u0130talya, \u0130spanya, Monako ve Andorra&#8217;d\u0131r. Akdeniz&#8217;de \u0130talya&#8217;ya ait Sardinya Adas\u0131&#8217;ndan sadece 12 km uzaktaki Korsika adas\u0131 da Fransa&#8217;ya aittir. Sahip oldu\u011fu deniza\u015f\u0131r\u0131 illerde de, Frans\u0131z Guyanas\u0131 arac\u0131l\u0131\u011f\u0131yla Brezilya ve Surinam&#8217;a, Saint Martin Adas\u0131 arac\u0131l\u0131\u011f\u0131yla da Hollanda Antilleri&#8217;ne s\u0131n\u0131r\u0131 vard\u0131r. Fransa, Man\u015f Denizi&#8217;nde deniz y\u00fczeyinin alt\u0131ndan ge\u00e7en Man\u015f T\u00fcneli&#8217;yle Birle\u015fik Krall\u0131k&#8217;a ba\u011flanmaktad\u0131r.<\/p>\n<h3>Fransa Ekonomisi?<\/h3>\n<p>Fransa, Avrupa&#8217;n\u0131n iktisadi a\u00e7\u0131dan g\u00fc\u00e7l\u00fc \u00fclkelerinden olmakla birlikte, yak\u0131n d\u00f6nemde uygulanmaya ba\u015flanan iktisadi d\u00fcnya pazar\u0131na uygulama siyasetinde g\u00fc\u00e7l\u00fcklerle kar\u015f\u0131la\u015ft\u0131\u011f\u0131n\u0131 1971-1976 d\u00f6nemi aras\u0131nda ticaret bilan\u00e7osunun 1986 y\u0131l\u0131 d\u0131\u015f\u0131nda s\u00fcrekli a\u00e7\u0131k vermi\u015f olmas\u0131 da kan\u0131tlamaktad\u0131r. Bu olumsuz nokta bir yana b\u0131rak\u0131l\u0131rsa Fransa, tar\u0131m \u00fcr\u00fcnleri bollu\u011fu ve \u00e7e\u015fitlili\u011fi ile Avrupa Ekonomik Toplulu\u011fu i\u00e7inde birinci s\u0131rada, s\u00fct \u00fcr\u00fcnleri a\u00e7\u0131s\u0131ndan da d\u00fcnyada d\u00f6rd\u00fcnc\u00fc s\u0131rada (nitekim Fransa tar\u0131m- besin sanayi \u00fcr\u00fcnleri d\u0131\u015fsat\u0131m\u0131nda d\u00fcnya ikincisidir) yer almas\u0131n\u0131n yan\u0131 s\u0131ra, sanayisi de \u00e7ok g\u00fc\u00e7l\u00fc bir \u00fclkedir.<\/p>\n<p>End\u00fcstri, \u00fclke gelirinin \u00e7eyre\u011fini ve ticaret kazanc\u0131n\u0131n %80&#8217;inden fazlas\u0131n\u0131 kar\u015f\u0131lar. Devlet 1990&#8217;lar\u0131n ba\u015f\u0131ndan beri Fransa Telecom, Frans\u0131z Havayollar\u0131 ve bankalar gibi di\u011fer end\u00fcstrilerdeki hisselerini elden \u00e7\u0131karmaya ba\u015flam\u0131\u015ft\u0131r. Y\u00fcksek orandaki i\u015fsizlik hala Fransa i\u00e7in sorun i\u015fgal etmektedir. Fransa, geni\u015f refah imk\u00e2nlar\u0131n\u0131 ve muazzam devlet b\u00fcrokrasisini kesmekten ka\u00e7\u0131nm\u0131\u015f ve b\u00fct\u00e7e a\u00e7\u0131\u011f\u0131n\u0131 kapatmak i\u00e7in savunma harcamalar\u0131n\u0131 kesmeyi ve vergileri y\u00fckseltmeyi tercih etmi\u015ftir. Fransa, 1 Ocak 1999&#8217;daki Euro sistemi referandumuna di\u011fer on Avrupa \u00fclkesi ile birlikte kat\u0131lm\u0131\u015ft\u0131r.<\/p>\n<p>\u00dclkedeki sat\u0131n alma g\u00fcc\u00fc paritesi 1.871- trilyon $ olup, reel b\u00fcy\u00fcme oran\u0131 %3.1&#8217;dir. \u00dclkenin %3.3&#8217;\u00fc tar\u0131m, %26.1&#8217;i sanayi, %70.6&#8217;s\u0131 hizmet sekt\u00f6r\u00fcnde \u00e7al\u0131\u015fmaktad\u0131r. Enflasyon oran\u0131n\u0131n t\u00fcketici fiyatlar\u0131nda %2.3 oldu\u011fu \u00fclkede i\u015f g\u00fcc\u00fc 27.88 milyon civar\u0131ndad\u0131r. \u00dclkedeki i\u015fsizlik oran\u0131 %9.1&#8217;dir. Bununla beraber sanayi, makine, kimyasal \u00fcr\u00fcnler, otomobil, metal\u00fcrji, u\u00e7ak, elektronik, tekstil, g\u0131da \u00fcr\u00fcnleri, turizm \u00fczerine dayal\u0131d\u0131r. Sanayinin b\u00fcy\u00fcme oran\u0131 yakla\u015f\u0131k %1.5&#8217;tir. \u00dclkedeki tar\u0131m \u00fcr\u00fcnleri bu\u011fday, tah\u0131l, \u015feker pancar\u0131, patates, \u00fcz\u00fcm, s\u0131\u011f\u0131r, s\u00fct \u00fcr\u00fcnleri, bal\u0131k gibi alt b\u00f6l\u00fcmlere ayr\u0131lmaktad\u0131r.<\/p>\n<p>\u00dclkede ihracat miktar\u0131 490 milyar $ olup, \u00fclke; makine ve ta\u015f\u0131mac\u0131l\u0131k ara\u00e7lar\u0131, u\u00e7ak, plastik \u00fcr\u00fcnler, kimyasallar, eczac\u0131l\u0131k \u00fcr\u00fcnleri, demir-\u00e7elik ve me\u015frubat gibi \u00fcr\u00fcnler satmaktad\u0131r. \u00dclkenin en \u00e7ok ihracat yapt\u0131\u011f\u0131 ortaklar\u0131, Almanya %14.7, \u0130spanya %9.7, \u0130talya %8.7, Birle\u015fik Krall\u0131k %8.3, Bel\u00e7ika %7.1, ABD %7.1 \u015feklindedir. Ayn\u0131 \u015fekilde \u00fclkedeki ithalat miktar\u0131 529.1 milyar $ olup, \u00fclke; makine ve par\u00e7alar\u0131, ara\u00e7lar, ham petrol, u\u00e7ak, plastik \u00fcr\u00fcnler, kimyasal \u00fcr\u00fcnler almaktad\u0131r. \u00dclkenin ithalat ortaklar\u0131 Almanya %18.9, Bel\u00e7ika %10.7, \u0130talya %8.3, \u0130spanya %7, Hollanda %6.6, Birle\u015fik Krall\u0131k %5.9, ABD %5.1 \u015feklindedir. \u00dclkenin d\u0131\u015f bor\u00e7 tutar\u0131 3.461 trilyon $ kadard\u0131r. Para birimi Euro olan \u00fclkenin mali y\u0131l\u0131 takvim y\u0131l\u0131na g\u00f6re hesaplanmaktad\u0131r.<\/p>\n<p><em>Kaynak\u00e7a ;<\/em> <a href=\"https:\/\/tr.wikipedia.org\/wiki\/Fransa\" target=\"_blank\" rel=\"noopener\">https:\/\/tr.wikipedia.org\/wiki\/Fransa<\/a><\/p>\n","protected":false},"excerpt":{"rendered":"<p>Fransa Kargo Fransa kargo g\u00f6nderimi yapmak Avrupa Kargo sayesinde olduk\u00e7a kolay hale geldi. Yurtd\u0131\u015f\u0131 hava kargo\u00a0kullan\u0131m\u0131n\u0131n her ge\u00e7en g\u00fcn artmas\u0131,\u00a0yurtd\u0131\u015f\u0131 u\u00e7ak kargo\u00a0hizmeti veren firmam\u0131z uluslararas\u0131 u\u00e7ak filolar\u0131n\u0131n geni\u015flemesiyle birlikte zaman\u0131 iyi kullanmak isteyenlerin birinci tercihi konumuna y\u00fckselen\u00a0uluslararas\u0131 hava kargo \u00f6zellikle Fransa s\u00f6z konusu oldu\u011funda daha da \u00f6nem ta\u015f\u0131yor. Hafta i\u00e7i her g\u00fcn d\u00fczenli u\u00e7u\u015flar ile [&hellip;]<\/p>\n","protected":false},"author":2,"featured_media":1573,"comment_status":"closed","ping_status":"open","sticky":false,"template":"","format":"standard","meta":{"footnotes":""},"categories":[11,19,4],"tags":[263,264,265,266,267,268,269,270,271,272,273,274,275,276,277,278,279,280,281,282,283,284,565],"class_list":["post-1550","post","type-post","status-publish","format-standard","has-post-thumbnail","hentry","category-avrupa-kargo","category-fransa-kargo","category-kargo","tag-fransa-hizli-kargo","tag-fransa-kargo","tag-fransa-kargo-firmalari","tag-fransa-kargo-fiyatlari","tag-fransa-kargo-gonderme","tag-fransa-kargo-sirketleri","tag-fransa-kargo-takip","tag-fransa-kargo-ucreti","tag-fransa-kargolari","tag-fransa-turkiye-arasi-kargo","tag-fransa-turkiye-kargo-fiyatlari","tag-fransa-ucak-kargo","tag-fransa-yurtdisi-kargo","tag-fransaya-en-ucuz-kargo","tag-fransaya-hizli-kargo","tag-fransaya-kargo-gonderimi","tag-fransaya-kargo-ne-kadar","tag-fransaya-kargo-ucreti","tag-fransaya-nasil-kargo-gonderilir","tag-fransaya-ucak-kargo","tag-fransaya-ucuz-kargo","tag-fransaya-urun-gondermek","tag-turkiyeden-fransaya-kargo-fiyatlari"],"yoast_head":"<!-- This site is optimized with the Yoast SEO plugin v23.1 - https:\/\/yoast.com\/wordpress\/plugins\/seo\/ -->\r\n<title>Fransa Kargo - Fransa Kargo Firmas\u0131 Fransa Kargo Fransa Kargo Fiyatlar\u0131<\/title>\r\n<meta name=\"description\" content=\"Fransa Kargo H\u0131zl\u0131 ve G\u00fcvenilir Teslimat, Fransa U\u00e7ak kargo, Fransa Ekonomik Ekspres Kargo, Fransa Ekonomik Kargo, Kargo Firmas\u0131, Fiyatlar\u0131\" \/>\r\n<meta name=\"robots\" content=\"index, follow, max-snippet:-1, max-image-preview:large, max-video-preview:-1\" \/>\r\n<link rel=\"canonical\" href=\"https:\/\/www.avrupakargo.com\/Blog\/fransa-kargo\/\" \/>\r\n<meta property=\"og:locale\" content=\"tr_TR\" \/>\r\n<meta property=\"og:type\" content=\"article\" \/>\r\n<meta property=\"og:title\" content=\"Fransa Kargo - Fransa Kargo Firmas\u0131 Fransa Kargo Fransa Kargo Fiyatlar\u0131\" \/>\r\n<meta property=\"og:description\" content=\"Fransa Kargo H\u0131zl\u0131 ve G\u00fcvenilir Teslimat, Fransa U\u00e7ak kargo, Fransa Ekonomik Ekspres Kargo, Fransa Ekonomik Kargo, Kargo Firmas\u0131, Fiyatlar\u0131\" \/>\r\n<meta property=\"og:url\" content=\"https:\/\/www.avrupakargo.com\/Blog\/fransa-kargo\/\" \/>\r\n<meta property=\"og:site_name\" content=\"Avrupa Kargo Blog\" \/>\r\n<meta property=\"article:publisher\" content=\"https:\/\/www.facebook.com\/AvrupaKargoGlobal\" \/>\r\n<meta property=\"article:published_time\" content=\"2023-11-08T15:04:26+00:00\" \/>\r\n<meta property=\"article:modified_time\" content=\"2023-11-09T08:38:51+00:00\" \/>\r\n<meta property=\"og:image\" content=\"https:\/\/www.avrupakargo.com\/Blog\/wp-content\/uploads\/2022\/03\/Fransa_Kargo-1.jpg\" \/>\r\n\t<meta property=\"og:image:width\" content=\"1200\" \/>\r\n\t<meta property=\"og:image:height\" content=\"400\" \/>\r\n\t<meta property=\"og:image:type\" content=\"image\/jpeg\" \/>\r\n<meta name=\"author\" content=\"Avrupa Kargo\" \/>\r\n<meta name=\"twitter:card\" content=\"summary_large_image\" \/>\r\n<meta name=\"twitter:creator\" content=\"@AvrupaKargo\" \/>\r\n<meta name=\"twitter:site\" content=\"@AvrupaKargo\" \/>\r\n<meta name=\"twitter:label1\" content=\"Yazan:\" \/>\n\t<meta name=\"twitter:data1\" content=\"Avrupa Kargo\" \/>\n\t<meta name=\"twitter:label2\" content=\"Tahmini okuma s\u00fcresi\" \/>\n\t<meta name=\"twitter:data2\" content=\"15 dakika\" \/>\r\n<!-- \/ Yoast SEO plugin. -->","yoast_head_json":{"title":"Fransa Kargo - Fransa Kargo Firmas\u0131 Fransa Kargo Fransa Kargo Fiyatlar\u0131","description":"Fransa Kargo H\u0131zl\u0131 ve G\u00fcvenilir Teslimat, Fransa U\u00e7ak kargo, Fransa Ekonomik Ekspres Kargo, Fransa Ekonomik Kargo, Kargo Firmas\u0131, Fiyatlar\u0131","robots":{"index":"index","follow":"follow","max-snippet":"max-snippet:-1","max-image-preview":"max-image-preview:large","max-video-preview":"max-video-preview:-1"},"canonical":"https:\/\/www.avrupakargo.com\/Blog\/fransa-kargo\/","og_locale":"tr_TR","og_type":"article","og_title":"Fransa Kargo - Fransa Kargo Firmas\u0131 Fransa Kargo Fransa Kargo Fiyatlar\u0131","og_description":"Fransa Kargo H\u0131zl\u0131 ve G\u00fcvenilir Teslimat, Fransa U\u00e7ak kargo, Fransa Ekonomik Ekspres Kargo, Fransa Ekonomik Kargo, Kargo Firmas\u0131, Fiyatlar\u0131","og_url":"https:\/\/www.avrupakargo.com\/Blog\/fransa-kargo\/","og_site_name":"Avrupa Kargo Blog","article_publisher":"https:\/\/www.facebook.com\/AvrupaKargoGlobal","article_published_time":"2023-11-08T15:04:26+00:00","article_modified_time":"2023-11-09T08:38:51+00:00","og_image":[{"width":1200,"height":400,"url":"https:\/\/www.avrupakargo.com\/Blog\/wp-content\/uploads\/2022\/03\/Fransa_Kargo-1.jpg","type":"image\/jpeg"}],"author":"Avrupa Kargo","twitter_card":"summary_large_image","twitter_creator":"@AvrupaKargo","twitter_site":"@AvrupaKargo","twitter_misc":{"Yazan:":"Avrupa Kargo","Tahmini okuma s\u00fcresi":"15 dakika"},"schema":{"@context":"https:\/\/schema.org","@graph":[{"@type":"Article","@id":"https:\/\/www.avrupakargo.com\/Blog\/fransa-kargo\/#article","isPartOf":{"@id":"https:\/\/www.avrupakargo.com\/Blog\/fransa-kargo\/"},"author":{"name":"Avrupa Kargo","@id":"https:\/\/www.avrupakargo.com\/Blog\/#\/schema\/person\/e4a1e802ffe53e8bad68beabcb7a03bf"},"headline":"Fransa Kargo","datePublished":"2023-11-08T15:04:26+00:00","dateModified":"2023-11-09T08:38:51+00:00","mainEntityOfPage":{"@id":"https:\/\/www.avrupakargo.com\/Blog\/fransa-kargo\/"},"wordCount":3138,"publisher":{"@id":"https:\/\/www.avrupakargo.com\/Blog\/#organization"},"image":{"@id":"https:\/\/www.avrupakargo.com\/Blog\/fransa-kargo\/#primaryimage"},"thumbnailUrl":"https:\/\/www.avrupakargo.com\/Blog\/wp-content\/uploads\/2022\/03\/Fransa_Kargo-1.jpg","keywords":["Fransa h\u0131zl\u0131 kargo","Fransa Kargo","Fransa kargo firmalar\u0131","Fransa kargo fiyatlar\u0131","Fransa kargo g\u00f6nderme","Fransa kargo \u015firketleri","Fransa kargo takip","Fransa kargo \u00fccreti","Fransa kargolari","Fransa t\u00fcrkiye aras\u0131 kargo","Fransa t\u00fcrkiye kargo fiyatlar\u0131","Fransa U\u00e7ak Kargo","Fransa yurtd\u0131\u015f\u0131 Kargo","Fransa'ya en ucuz kargo","Fransa'ya H\u0131zl\u0131 Kargo","Fransa'ya kargo g\u00f6nderimi","Fransa'ya kargo ne kadar","Fransa'ya kargo \u00fccreti","Fransa'ya nas\u0131l kargo g\u00f6nderilir","Fransa'ya U\u00e7ak Kargo","Fransa'ya Ucuz Kargo","Fransa'ya \u00dcr\u00fcn G\u00f6ndermek","t\u00fcrkiye'den Fransa'ya kargo fiyatlari"],"articleSection":["Avrupa Kargo","Fransa Kargo","Kargo"],"inLanguage":"tr"},{"@type":"WebPage","@id":"https:\/\/www.avrupakargo.com\/Blog\/fransa-kargo\/","url":"https:\/\/www.avrupakargo.com\/Blog\/fransa-kargo\/","name":"Fransa Kargo - Fransa Kargo Firmas\u0131 Fransa Kargo Fransa Kargo Fiyatlar\u0131","isPartOf":{"@id":"https:\/\/www.avrupakargo.com\/Blog\/#website"},"primaryImageOfPage":{"@id":"https:\/\/www.avrupakargo.com\/Blog\/fransa-kargo\/#primaryimage"},"image":{"@id":"https:\/\/www.avrupakargo.com\/Blog\/fransa-kargo\/#primaryimage"},"thumbnailUrl":"https:\/\/www.avrupakargo.com\/Blog\/wp-content\/uploads\/2022\/03\/Fransa_Kargo-1.jpg","datePublished":"2023-11-08T15:04:26+00:00","dateModified":"2023-11-09T08:38:51+00:00","description":"Fransa Kargo H\u0131zl\u0131 ve G\u00fcvenilir Teslimat, Fransa U\u00e7ak kargo, Fransa Ekonomik Ekspres Kargo, Fransa Ekonomik Kargo, Kargo Firmas\u0131, Fiyatlar\u0131","breadcrumb":{"@id":"https:\/\/www.avrupakargo.com\/Blog\/fransa-kargo\/#breadcrumb"},"inLanguage":"tr","potentialAction":[{"@type":"ReadAction","target":["https:\/\/www.avrupakargo.com\/Blog\/fransa-kargo\/"]}]},{"@type":"ImageObject","inLanguage":"tr","@id":"https:\/\/www.avrupakargo.com\/Blog\/fransa-kargo\/#primaryimage","url":"https:\/\/www.avrupakargo.com\/Blog\/wp-content\/uploads\/2022\/03\/Fransa_Kargo-1.jpg","contentUrl":"https:\/\/www.avrupakargo.com\/Blog\/wp-content\/uploads\/2022\/03\/Fransa_Kargo-1.jpg","width":1200,"height":400},{"@type":"BreadcrumbList","@id":"https:\/\/www.avrupakargo.com\/Blog\/fransa-kargo\/#breadcrumb","itemListElement":[{"@type":"ListItem","position":1,"name":"Anasayfa","item":"https:\/\/www.avrupakargo.com\/Blog\/"},{"@type":"ListItem","position":2,"name":"Fransa Kargo"}]},{"@type":"WebSite","@id":"https:\/\/www.avrupakargo.com\/Blog\/#website","url":"https:\/\/www.avrupakargo.com\/Blog\/","name":"Avrupa Kargo Blog","description":"","publisher":{"@id":"https:\/\/www.avrupakargo.com\/Blog\/#organization"},"potentialAction":[{"@type":"SearchAction","target":{"@type":"EntryPoint","urlTemplate":"https:\/\/www.avrupakargo.com\/Blog\/?s={search_term_string}"},"query-input":"required name=search_term_string"}],"inLanguage":"tr"},{"@type":"Organization","@id":"https:\/\/www.avrupakargo.com\/Blog\/#organization","name":"Avrupa Kargo","url":"https:\/\/www.avrupakargo.com\/Blog\/","logo":{"@type":"ImageObject","inLanguage":"tr","@id":"https:\/\/www.avrupakargo.com\/Blog\/#\/schema\/logo\/image\/","url":"https:\/\/www.avrupakargo.com\/Blog\/wp-content\/uploads\/2022\/03\/PNG_LOGO_500x80-1.png","contentUrl":"https:\/\/www.avrupakargo.com\/Blog\/wp-content\/uploads\/2022\/03\/PNG_LOGO_500x80-1.png","width":500,"height":80,"caption":"Avrupa Kargo"},"image":{"@id":"https:\/\/www.avrupakargo.com\/Blog\/#\/schema\/logo\/image\/"},"sameAs":["https:\/\/www.facebook.com\/AvrupaKargoGlobal","https:\/\/x.com\/AvrupaKargo","https:\/\/www.instagram.com\/avrupa.kargo\/","https:\/\/www.linkedin.com\/company\/avrupa-kargo","https:\/\/avrupakargo.tumblr.com\/"]},{"@type":"Person","@id":"https:\/\/www.avrupakargo.com\/Blog\/#\/schema\/person\/e4a1e802ffe53e8bad68beabcb7a03bf","name":"Avrupa Kargo","image":{"@type":"ImageObject","inLanguage":"tr","@id":"https:\/\/www.avrupakargo.com\/Blog\/#\/schema\/person\/image\/","url":"https:\/\/secure.gravatar.com\/avatar\/?s=96&d=mm&r=g","contentUrl":"https:\/\/secure.gravatar.com\/avatar\/?s=96&d=mm&r=g","caption":"Avrupa Kargo"},"url":"https:\/\/www.avrupakargo.com\/Blog\/author\/avrupa-kargo\/"}]}},"_links":{"self":[{"href":"https:\/\/www.avrupakargo.com\/Blog\/wp-json\/wp\/v2\/posts\/1550","targetHints":{"allow":["GET"]}}],"collection":[{"href":"https:\/\/www.avrupakargo.com\/Blog\/wp-json\/wp\/v2\/posts"}],"about":[{"href":"https:\/\/www.avrupakargo.com\/Blog\/wp-json\/wp\/v2\/types\/post"}],"author":[{"embeddable":true,"href":"https:\/\/www.avrupakargo.com\/Blog\/wp-json\/wp\/v2\/users\/2"}],"replies":[{"embeddable":true,"href":"https:\/\/www.avrupakargo.com\/Blog\/wp-json\/wp\/v2\/comments?post=1550"}],"version-history":[{"count":2,"href":"https:\/\/www.avrupakargo.com\/Blog\/wp-json\/wp\/v2\/posts\/1550\/revisions"}],"predecessor-version":[{"id":1884,"href":"https:\/\/www.avrupakargo.com\/Blog\/wp-json\/wp\/v2\/posts\/1550\/revisions\/1884"}],"wp:featuredmedia":[{"embeddable":true,"href":"https:\/\/www.avrupakargo.com\/Blog\/wp-json\/wp\/v2\/media\/1573"}],"wp:attachment":[{"href":"https:\/\/www.avrupakargo.com\/Blog\/wp-json\/wp\/v2\/media?parent=1550"}],"wp:term":[{"taxonomy":"category","embeddable":true,"href":"https:\/\/www.avrupakargo.com\/Blog\/wp-json\/wp\/v2\/categories?post=1550"},{"taxonomy":"post_tag","embeddable":true,"href":"https:\/\/www.avrupakargo.com\/Blog\/wp-json\/wp\/v2\/tags?post=1550"}],"curies":[{"name":"wp","href":"https:\/\/api.w.org\/{rel}","templated":true}]}}