{"id":1645,"date":"2023-10-25T16:41:06","date_gmt":"2023-10-25T16:41:06","guid":{"rendered":"https:\/\/www.avrupakargo.com\/Blog\/?p=1645"},"modified":"2023-11-09T08:37:47","modified_gmt":"2023-11-09T08:37:47","slug":"isvicre-kargo","status":"publish","type":"post","link":"https:\/\/www.avrupakargo.com\/Blog\/isvicre-kargo\/","title":{"rendered":"\u0130svi\u00e7re Kargo"},"content":{"rendered":"<h1>\u0130svi\u00e7re Kargo<\/h1>\n<p><strong>\u0130svi\u00e7re Kargo<\/strong> firmam\u0131z\u0131n sizlere sundu\u011fu <strong>\u0130svi\u00e7re U\u00e7ak Kargo<\/strong> yolu ve <strong>\u0130svi\u00e7re Ekonomik Ekspres Kargo<\/strong> olarak iki farkl\u0131 servisimiz bulunmaktad\u0131r.<\/p>\n<p>Paket, dok\u00fcman, e\u015fya, numune, hediye ve ticari g\u00f6nderiler gibi \u00e7e\u015fitli kargolar\u0131 T\u00fcrkiye&#8217;den \u0130svi\u00e7re&#8217;nin t\u00fcm \u015fehir ve adreslerine teslimat\u0131m\u0131z bulunmaktad\u0131r.<\/p>\n<p>Avrupa Kargo ile \u0130svi\u00e7re&#8217;ye kargo g\u00f6ndermek \u00e7ok kolay hale geldi, Sanki bir T\u00fcrkiye&#8217;deki bir \u015fehirden \u00f6teki bir \u015fehre kargo g\u00f6nderir gibi zahmetsiz ve kolay bir hizmettir.<\/p>\n<p><strong>\u0130svi\u00e7re Kargo \u00dccretleri<\/strong> konusunda kapsaml\u0131 bilgi almak isteyen m\u00fc\u015fterilerimiz \u00e7a\u011fr\u0131 merkezini arayarak, sekt\u00f6r\u00fcn uzman personelleri ile detayl\u0131 bilgiye ula\u015fabilir.<\/p>\n<hr \/>\n<h2>\u0130svi\u00e7re Kargo G\u00f6ndermek?<\/h2>\n<p>\u0130svi\u00e7re kargo g\u00f6ndermek i\u00e7in t\u00fcm i\u015flemleri, kargo fiyatlar\u0131 ve takibiyle ilgili ne varsa a\u015fa\u011f\u0131daki yaz\u0131m\u0131zda sizi bilgilendiriyoruz, t\u00fcm yaz\u0131m\u0131z\u0131 okudunuz ama halen akl\u0131n\u0131za tak\u0131lan sorular\u0131m var o zaman uzman personelimiz telefonun di\u011fer ucunda sizin sorular\u0131n\u0131z yan\u0131tlamak i\u00e7in bekliyor.<\/p>\n<p>Ba\u015fta s\u00f6yledi\u011fimiz gibi Avrupa kargo olarak 2 farkl\u0131 alternatif ile \u0130svi\u00e7re&#8217;ye kargolar\u0131n\u0131z\u0131 teslim ediyoruz, bunlarda ilk yol olan \u0130svi\u00e7re i\u00e7in u\u00e7ak kargo hizmetimiz ile T\u00fcrkiye&#8217;den yapaca\u011f\u0131n\u0131z t\u00fcm g\u00f6nderileri 24 saat gibi k\u0131sa bir s\u00fcrede \u0130svi\u00e7re&#8217;deki al\u0131c\u0131 adresine teslimat yap\u0131yoruz. Unutmam\u0131nki D\u00fcnya genelinde t\u00fcm U\u00e7ak Kargo g\u00f6nderimlerinde +40 kilo\/desi \u00fczerindeki kargolar\u0131n\u0131zda \u00f6zel fiyat uygulamas\u0131 yap\u0131lmaktad\u0131r, bu \u00f6zel fiyat uygulamas\u0131 \u0130svi\u00e7re&#8217;ye g\u00f6nderece\u011finiz u\u00e7ak kargolar\u0131 i\u00e7inde ge\u00e7erlidir.<\/p>\n<hr \/>\n<h2>\u0130svi\u00e7re&#8217;ye Kargo Hesaplama?<\/h2>\n<p><img loading=\"lazy\" decoding=\"async\" class=\"alignnone wp-image-1344 size-large\" src=\"https:\/\/www.avrupakargo.com\/Blog\/wp-content\/uploads\/2022\/03\/Almanya-1_Agirlik_Hesaplama-1024x256.jpg\" alt=\"\u0130svi\u00e7re'ye Kargo Hesaplama?\" width=\"1024\" height=\"256\" \/><\/p>\n<p>\u0130svi\u00e7re&#8217;ye kargo hesaplamas\u0131 yapmak da fiyat hesaplama ara\u00e7lar\u0131n\u0131 kullanarak yap\u0131ld\u0131\u011f\u0131nda kolay hale geliyor.<\/p>\n<p>Kargonuzun hesaplamas\u0131 yap\u0131l\u0131rken kilogram cinsinden a\u011f\u0131rl\u0131\u011f\u0131 veya kaplad\u0131\u011f\u0131 hacim (desi) ele al\u0131n\u0131r ve hesaplama yap\u0131l\u0131r.<\/p>\n<p>Bu i\u015flem sonunda kargonuzun ne kadar bir \u00fccret kar\u015f\u0131l\u0131\u011f\u0131 \u0130ngiltere\u2019ye ula\u015faca\u011f\u0131 belli olur.<\/p>\n<p>Desi hesaplamas\u0131; En x Boy x Y\u00fckseklik \/5.000 olarak form\u00fcle edilmi\u015ftir. (60x50x50=150.00 \/ 5.000 = 30 Desi olarak hesaplan\u0131r)<\/p>\n<p><em>Ancak bu noktada dikkat edilmesi gereken \u00f6nemli bir konu var.<\/em><\/p>\n<p>E\u011fer g\u00f6nderiniz bir zarf de\u011fil koli ise, koli se\u00e7iminde bilin\u00e7li ve dikkatli olmak gerekiyor.<\/p>\n<p>Zira g\u00f6nderinin hacimsel a\u011f\u0131rl\u0131\u011f\u0131 kolinin b\u00fcy\u00fckl\u00fc\u011f\u00fcnden direkt olarak etkileniyor.<\/p>\n<p>E\u011fer koli gere\u011finden b\u00fcy\u00fck se\u00e7ildiyse yap\u0131lan i\u015flem sonucunda \u00e7\u0131kacak de\u011fer y\u00fcksek olacakt\u0131r.<\/p>\n<p>Kargo fiyat hesaplama da y\u00fcksek de\u011fer \u00fczerinden ger\u00e7ekle\u015ftirilece\u011fi i\u00e7in kargoyu g\u00f6nderen daha y\u00fcksek \u00fccret demek zorunda kalacak.<\/p>\n<p>Bu durumla kar\u015f\u0131la\u015fmamak i\u00e7in en hafif g\u00f6nderiyi en k\u00fc\u00e7\u00fck kolide g\u00f6ndermek gerekiyor.<\/p>\n<p>E\u011fer 60x40x40 ebad\u0131nda bir koli ile 5 kilograml\u0131k bir \u00fcr\u00fcn g\u00f6nderecekseniz, kilogram hesab\u0131na g\u00f6re yakla\u015f\u0131k 4 kat fazla \u00fccret \u00f6demek zorunda kalabilirsiniz.<\/p>\n<p>\u00c7\u00fcnk\u00fc i\u015flem sonunda 19.2 sonucuna ula\u015f\u0131lacak.<\/p>\n<p>G\u00f6nderinizin kilogram cinsinden a\u011f\u0131rl\u0131\u011f\u0131 ise 5 kg, Kargo fiyat hesaplama, y\u00fcksek olan 19.2 de\u011feri \u00fczerinden devam edece\u011fi i\u00e7in g\u00f6nderenin cebinden daha y\u00fcksek kargo \u00fccreti \u00e7\u0131kacakt\u0131r.<\/p>\n<p>G\u00f6nderinizin Hacimsel a\u011f\u0131rl\u0131\u011f\u0131n\u0131 hesaplama ve \u00e7\u0131kacak \u00fccretleri g\u00f6rmek i\u00e7in <a href=\"https:\/\/www.avrupakargo.com\/Price\">t\u0131klay\u0131n\u0131z.<\/a><\/p>\n<hr \/>\n<h2>\u0130svi\u00e7re&#8217;ye Kargo Fiyat Hesaplama?<\/h2>\n<p>\u0130svi\u00e7re&#8217;ye kargo fiyatlar\u0131n\u0131n hesaplanmas\u0131n\u0131 Avrupa Kargo \u00fczerinden anlataca\u011f\u0131z.<\/p>\n<p><a href=\"https:\/\/www.avrupakargo.com\/\">Avrupa Kargo<\/a>\u00a0adresine girdi\u011finizde kar\u015f\u0131n\u0131za\u00a0<strong>\u201cG\u00f6nderi\u201d\u00a0<\/strong>men\u00fcs\u00fcnde \u00e7\u0131kan\u00a0<a href=\"https:\/\/www.avrupakargo.com\/Individual.aspx\"><strong>\u201cBireysel G\u00f6nderi\u201d<\/strong><\/a>\u00a0veya\u00a0<a href=\"https:\/\/www.avrupakargo.com\/Corporate.aspx\"><strong>\u201cKurumsal G\u00f6nderi\u201d<\/strong><\/a> sayfalar\u0131nda \u00e7\u0131kacak \u201cU\u00e7ak Kargo Fiyat Hesaplama\u201d b\u00f6l\u00fcm\u00fcne kargonuzun gidece\u011fi \u00fclke olarak \u0130svi\u00e7re\u2019yi i\u015faretledikten sonra, kargonuzun kilo bilgisini de vermeniz gerekiyor. B\u00f6ylece \u0130svi\u00e7re kargonun \u00f6rne\u011fin Cenevrey\u2019e ne kadar bir \u00fccret kar\u015f\u0131l\u0131\u011f\u0131 g\u00f6nderilece\u011fini an\u0131nda g\u00f6r\u00fcyorsunuz.<\/p>\n<hr \/>\n<h2>\u0130svi\u00e7re Kargo Fiyatlar\u0131?<\/h2>\n<p><img loading=\"lazy\" decoding=\"async\" class=\"alignnone wp-image-1680 size-large\" src=\"https:\/\/www.avrupakargo.com\/Blog\/wp-content\/uploads\/2022\/03\/Isvicre_Kargo_Fiyatlari-1-1024x341.jpg\" alt=\"\u0130svi\u00e7re Kargo Fiyatlar\u0131?\" width=\"1024\" height=\"341\" srcset=\"https:\/\/www.avrupakargo.com\/Blog\/wp-content\/uploads\/2022\/03\/Isvicre_Kargo_Fiyatlari-1-1024x341.jpg 1024w, https:\/\/www.avrupakargo.com\/Blog\/wp-content\/uploads\/2022\/03\/Isvicre_Kargo_Fiyatlari-1-300x100.jpg 300w, https:\/\/www.avrupakargo.com\/Blog\/wp-content\/uploads\/2022\/03\/Isvicre_Kargo_Fiyatlari-1-768x256.jpg 768w, https:\/\/www.avrupakargo.com\/Blog\/wp-content\/uploads\/2022\/03\/Isvicre_Kargo_Fiyatlari-1.jpg 1200w\" sizes=\"auto, (max-width: 1024px) 100vw, 1024px\" \/><\/p>\n<p>\u0130svi\u00e7re&#8217;ye kargonuzun U\u00e7ak kargo g\u00f6nderenimi olarak 0.5 kg, 10 ve 20 kg\u2019l\u0131k \u00fccretini Avrupa Kargo\u2019da birlikte hesaplayal\u0131m.<\/p>\n<p>Kargonuz; 0.5 kg: 25 Euro | 10 kg: 150 Euro | 35 kg ve \u00fczeri i\u00e7in : Kilo ba\u015f\u0131 birim maliyetiniz 6 Euro olarak hesaplan\u0131r yani 40 Kg bir g\u00f6nderimiz i\u00e7in 240 Euro (40\u00d76\u20ac=240 \u20ac)- 50 Kiloluk bir g\u00f6nderiniz i\u00e7in 250 (50\u00d76\u20ac=300 \u20ac) Euro \u00f6dersiniz. * T\u00fcm Fiyatlar\u0131 g\u00f6r\u00fcnt\u00fclemek\u00a0<a href=\"https:\/\/www.avrupakargo.com\/Price.aspx\"><strong>\u2018U\u00e7ak Kargo Fiyat Hesaplama\u2019<\/strong><\/a>\u00a0hesaplama arac\u0131n\u0131 kullanabilirsiniz. D\u00fczenli g\u00f6nderileriniz varsa, kurumsal m\u00fc\u015fteri temsilcilerimiz ile g\u00f6r\u00fc\u015ferek, daha uygun rakamlar alabilirsiniz.<\/p>\n<hr \/>\n<h2>\u0130svi\u00e7re U\u00e7ak Kargo<\/h2>\n<p><img loading=\"lazy\" decoding=\"async\" class=\"alignnone wp-image-1681 size-large\" src=\"https:\/\/www.avrupakargo.com\/Blog\/wp-content\/uploads\/2022\/03\/Isvicre_Ucak_Kargo-1-1024x341.jpg\" alt=\"\u0130svi\u00e7re U\u00e7ak Kargo\" width=\"1024\" height=\"341\" srcset=\"https:\/\/www.avrupakargo.com\/Blog\/wp-content\/uploads\/2022\/03\/Isvicre_Ucak_Kargo-1-1024x341.jpg 1024w, https:\/\/www.avrupakargo.com\/Blog\/wp-content\/uploads\/2022\/03\/Isvicre_Ucak_Kargo-1-300x100.jpg 300w, https:\/\/www.avrupakargo.com\/Blog\/wp-content\/uploads\/2022\/03\/Isvicre_Ucak_Kargo-1-768x256.jpg 768w, https:\/\/www.avrupakargo.com\/Blog\/wp-content\/uploads\/2022\/03\/Isvicre_Ucak_Kargo-1.jpg 1200w\" sizes=\"auto, (max-width: 1024px) 100vw, 1024px\" \/><\/p>\n<p>\u0130svi\u00e7re&#8217;ye kargo u\u00e7ak kargo ile tekstil \u00fcr\u00fcnleri, numuneler, hediye, dosya vb. gibi bir\u00e7ok \u015fey g\u00f6nderebilirsiniz. Avrupa Kargo \u0130svi\u00e7re&#8217;ye<em>\u00a0hava kargo<\/em> genelinde ger\u00e7ekle\u015ftirdi\u011fimiz i\u015f birlikleri ile uluslararas\u0131 y\u00fcklerinizi tam zaman\u0131nda istedi\u011finiz noktaya TNT, FedEx, UPS ve DHL kargo ile adreslerine teslim ediyoruz. G\u00f6nderinizi diledi\u011finiz adresten teslim alarak \u0130svi\u00e7re&#8217;ye u\u00e7ak kargo ile t\u00fcm \u015fehirlerine kap\u0131ya teslim hizmeti ile ula\u015ft\u0131rmaktay\u0131z.<\/p>\n<p>G\u00fcn\u00fcm\u00fczde firmalar \u0130svi\u00e7re&#8217;ye kap\u0131dan kap\u0131ya kargo hizmetini ger\u00e7ekle\u015ftirerek en uygun \u00e7\u00f6z\u00fcmleri sunmaktad\u0131r. <em><strong>\u0130svi\u00e7re&#8217;ye u\u00e7ak\u00a0kargo g\u00f6nderilerin<\/strong><\/em>\u00a0kap\u0131dan teslim al\u0131nmas\u0131n\u0131 sa\u011flayan bu y\u00f6ntemde kargolar al\u0131c\u0131n\u0131n adresine teslim edilmektedir. Avrupa Kargo bu teslimatlar\u0131 g\u00fcvenli, h\u0131zl\u0131 ve uygun fiyatlar ile ko\u015fulsuz m\u00fc\u015fteri memnuniyetini ilke edinmekte sorunsuz biz teslimat hizmeti sunmaktad\u0131r.<\/p>\n<hr \/>\n<h2>T\u00fcrkiye\u2019den \u0130svi\u00e7re&#8217;ye Kargo Ka\u00e7 G\u00fcnde Gider?<\/h2>\n<p>Kuryemiz \u0130svi\u00e7re&#8217;ye kargonuzu ald\u0131ktan sonra pazar g\u00fcn\u00fc hari\u00e7 her ak\u015fam yap\u0131lan u\u00e7u\u015flarla g\u00f6nderinizi yola \u00e7\u0131kar\u0131yoruz.<\/p>\n<p>\u0130svi\u00e7re&#8217;ye ortalama 1 i\u015f g\u00fcn\u00fcnde teslimat yap\u0131labiliyor. \u0130stanbul\u2019dan yola \u00e7\u0131kan bir \u0130svi\u00e7re kargo sadece 24 saat i\u00e7inde al\u0131c\u0131s\u0131n\u0131n elinde olabiliyor.<\/p>\n<p>\u0130svi\u00e7re&#8217;ye g\u00f6nderilen kargonun bu kadar h\u0131zl\u0131 teslim edilmesinde hem T\u00fcrkiye ile co\u011frafi yak\u0131nl\u0131k hem de bu \u00fclkeye d\u00fczenlenen u\u00e7ak seferlerinin s\u0131kl\u0131\u011f\u0131 da etkili oluyor.<\/p>\n<hr \/>\n<h2>\u0130svi\u00e7re Kargo Takibi?<\/h2>\n<p><img loading=\"lazy\" decoding=\"async\" class=\"alignnone wp-image-1682 size-large\" src=\"https:\/\/www.avrupakargo.com\/Blog\/wp-content\/uploads\/2022\/03\/Isvicre_Kargo_Takip-1-1024x341.jpg\" alt=\"\" width=\"1024\" height=\"341\" srcset=\"https:\/\/www.avrupakargo.com\/Blog\/wp-content\/uploads\/2022\/03\/Isvicre_Kargo_Takip-1-1024x341.jpg 1024w, https:\/\/www.avrupakargo.com\/Blog\/wp-content\/uploads\/2022\/03\/Isvicre_Kargo_Takip-1-300x100.jpg 300w, https:\/\/www.avrupakargo.com\/Blog\/wp-content\/uploads\/2022\/03\/Isvicre_Kargo_Takip-1-768x256.jpg 768w, https:\/\/www.avrupakargo.com\/Blog\/wp-content\/uploads\/2022\/03\/Isvicre_Kargo_Takip-1.jpg 1200w\" sizes=\"auto, (max-width: 1024px) 100vw, 1024px\" \/><\/p>\n<p>Kargo takibi ile g\u00f6nderinizi ad\u0131m ad\u0131m takip al\u0131c\u0131s\u0131na ula\u015ft\u0131\u011f\u0131 an\u0131 birebir kontrol edebilirsiniz. Bu sayede ald\u0131\u011f\u0131n\u0131z hizmetin kalitesini birebir deneyimleyebilirsiniz.<\/p>\n<p>Kargonuzu g\u00f6nderimi ger\u00e7ekle\u015ftirecek firmaya teslim etti\u011finizde size verilen kargo takip numaras\u0131 ile \u0130ngiltere yolculu\u011funa ba\u015flam\u0131\u015f koli ya da zarf\u0131n\u0131z\u0131 ad\u0131m ad\u0131m takip edebilirsiniz.<\/p>\n<p>G\u00f6nderimi yapt\u0131\u011f\u0131n\u0131z firman\u0131n internet sitesine girerek, kargo takip b\u00f6l\u00fcm\u00fcne takip numaras\u0131n\u0131 girmeniz bu i\u015flem i\u00e7in yeterli.<\/p>\n<p>\u0130stedi\u011finiz an takibini yapt\u0131\u011f\u0131n\u0131z \u0130ngiltere kargonuz<strong>,<\/strong>\u00a0zaman\u0131nda yerine ula\u015ft\u0131\u011f\u0131nda i\u015flerinizin kesintiye u\u011framas\u0131 riskini azalt\u0131r. Bu \u015fekilde i\u015f ba\u011flant\u0131s\u0131 yapt\u0131\u011f\u0131n\u0131z ki\u015fi ya da ki\u015filer kar\u015f\u0131s\u0131nda prestijiniz de artacakt\u0131r.<\/p>\n<p>Ayr\u0131ca \u0130ngiltere kargo takip yaparak, g\u00f6nderinin teslimat\u0131nda ya\u015fanacak herhangi bir gecikmeye de zaman\u0131nda m\u00fcdahale etmek m\u00fcmk\u00fcn. G\u00fcmr\u00fckte ya\u015fanan bir sorun nedeniyle ya\u015fanacak gecikmeyi, g\u00fcmr\u00fckteki sorunu ortadan kald\u0131rarak bertaraf edebilir, kargo firmas\u0131 kaynakl\u0131 gecikmeyi de firmaya ula\u015farak engelleyebilirsiniz.<\/p>\n<p>Avrupa Kargo sitemizde bulunana <a href=\"https:\/\/www.avrupakargo.com\/Tracking\"><strong>yurtd\u0131\u015f\u0131 kargo takibi<\/strong><\/a> sayfam\u0131zdan t\u00fcm uluslararas\u0131 kargolar\u0131n\u0131z\u0131 online takip edebilirsiniz.<\/p>\n<hr \/>\n<h2>\u0130svi\u00e7re&#8217;ye Kargo ile Neler g\u00f6nderilir? Neler g\u00f6nderilmez?<\/h2>\n<p>Avrupa Kargo arac\u0131l\u0131\u011f\u0131yla a\u015fa\u011f\u0131daki listede bulunan \u00fcr\u00fcnlerin g\u00f6nderimi yap\u0131lmamaktad\u0131r.<\/p>\n<h3><span id=\"Yasakli_Urunler\">Yasakl\u0131 \u00dcr\u00fcnler<\/span><\/h3>\n<ul>\n<li><i class=\"icofont-ui-close\" aria-setsize=\"10\"><\/i>\u00a0Kozmetik (Parf\u00fcm, Krem vb.)<\/li>\n<li>\u00a0G\u0131da (\u00c7ay, Bitki, Kuruyemi\u015f, Tohumlar, Takviye edici g\u0131dalar vb.)<\/li>\n<li>Bataryal\u0131 Cihazlar (Telefon, Bilgisayar vb.)<\/li>\n<li>Kimyasal Maddeler (Yan\u0131c\u0131, Ak\u0131\u015fkan, Dezenfekte vb.)<\/li>\n<li>Silah (B\u0131\u00e7ak, Merbi, T\u00fcfek Vb.)<\/li>\n<li>T\u0131bb\u0131 \u00dcr\u00fcnler (Cerrahi Maske, \u0130la\u00e7 vb.)<\/li>\n<li>De\u011ferli G\u00f6nderi (P\u0131rlanta, Alt\u0131n, \u0130pek, K\u00fcrk vb.)<\/li>\n<\/ul>\n<p class=\"font-italic\">Avrupa Kargo kullan\u0131c\u0131s\u0131 olarak, \u00fcr\u00fcn g\u00f6nderirken bu i\u015flemin mutlaka yasal bir \u00e7er\u00e7eve i\u00e7erisinde ger\u00e7ekle\u015fmesine dikkat etmelisiniz.<\/p>\n<h4 class=\"title\"><span id=\"Alacaginiz_Urunler\"><a href=\"https:\/\/www.avrupakargo.com\/Prohibited-items#\">Alaca\u011f\u0131n\u0131z \u00dcr\u00fcnler!<\/a><\/span><\/h4>\n<p class=\"description\">T\u00fcrkiye\u2019de al\u0131\u015fveri\u015f yaparken alaca\u011f\u0131n\u0131z \u00fcr\u00fcnlere dikkat edin, o zaman gereksiz maliyetlerle kar\u015f\u0131la\u015fabilirsiniz. Yukar\u0131da yasakl\u0131 \u00fcr\u00fcnlerimizi g\u00f6rebilir, daha fazla bilgi i\u00e7in Avrupa Kargo ekibiyle ileti\u015fime ge\u00e7ebilirsiniz.<\/p>\n<h4 class=\"title\"><span id=\"Ucretlere_Dikkat\"><a href=\"https:\/\/www.avrupakargo.com\/Prohibited-items#\">\u00dccretlere Dikkat!<\/a><\/span><\/h4>\n<p class=\"description\">Avrupa Kargo size bir\u00e7ok \u00fccretsiz hizmet sunar, s\u00fcrpriz \u00f6demeler yapmaz, ancak her \u00fclkenin vergi sisteminin farkl\u0131 oldu\u011funu unutmay\u0131n, bu nedenle Avrupa Kargo \u00f6dedi\u011finiz vergilere m\u00fcdahale etmez veya m\u00fcdahale etmez. T\u00fcm vergiler kargonun al\u0131c\u0131s\u0131na aittir.<\/p>\n<hr \/>\n<h2>\u0130svi\u00e7re?<\/h2>\n<p><img loading=\"lazy\" decoding=\"async\" class=\"alignnone size-large wp-image-1677\" src=\"https:\/\/www.avrupakargo.com\/Blog\/wp-content\/uploads\/2022\/03\/Isvicre-1-1024x341.jpg\" alt=\"\" width=\"1024\" height=\"341\" srcset=\"https:\/\/www.avrupakargo.com\/Blog\/wp-content\/uploads\/2022\/03\/Isvicre-1-1024x341.jpg 1024w, https:\/\/www.avrupakargo.com\/Blog\/wp-content\/uploads\/2022\/03\/Isvicre-1-300x100.jpg 300w, https:\/\/www.avrupakargo.com\/Blog\/wp-content\/uploads\/2022\/03\/Isvicre-1-768x256.jpg 768w, https:\/\/www.avrupakargo.com\/Blog\/wp-content\/uploads\/2022\/03\/Isvicre-1.jpg 1200w\" sizes=\"auto, (max-width: 1024px) 100vw, 1024px\" \/><\/p>\n<p>\u0130svi\u00e7re veya resm\u00ee ad\u0131yla \u0130svi\u00e7re Konfederasyonu; Bat\u0131, Orta ve G\u00fcney Avrupa&#8217;n\u0131n kesi\u015fme noktas\u0131nda bulunan bir \u00fclke.\u00a0 Federal otoritelerin merkezi Bern ile birlikte 26 kantondan olu\u015fan bir federal cumhuriyettir.\u00a0 Kuzey s\u0131n\u0131r\u0131nda <a href=\"https:\/\/www.avrupakargo.com\/Blog\/almanya-kargo\/\">Almanya<\/a>, bat\u0131s\u0131nda <a href=\"https:\/\/www.avrupakargo.com\/Blog\/fransa-kargo\/\">Fransa<\/a>, g\u00fcneyinde <a href=\"https:\/\/www.avrupakargo.com\/Blog\/italya-kargo\/\">\u0130talya<\/a>, do\u011fusunda <a href=\"https:\/\/www.avrupakargo.com\/Blog\/avusturya-kargo\/\">Avusturya<\/a> ile Lihten\u015ftayn yer al\u0131r.<\/p>\n<p>\u0130svi\u00e7re, denize k\u0131y\u0131s\u0131 olmayan, Alpler, \u0130svi\u00e7re Platosu ve Jura Da\u011flar\u0131 aras\u0131nda b\u00f6l\u00fcnen, 41.285 km\u00b2 y\u00fcz\u00f6l\u00e7\u00fcm\u00fcne sahip bir \u00fclkedir.\u00a0 Alpler topraklar\u0131n daha fazla b\u00f6l\u00fcm\u00fcn\u00fc i\u015fgal ederken yakla\u015f\u0131k 8,5 milyon insandan olu\u015fan \u0130svi\u00e7reli n\u00fcfus \u00e7o\u011funlukla en b\u00fcy\u00fck \u015fehirlerin bulundu\u011fu platoda yo\u011funla\u015fm\u0131\u015ft\u0131r. Bu \u015fehirlerin aras\u0131nda iki k\u00fcresel kent ve ekonomik merkez olan Z\u00fcrih ve Cenevre de vard\u0131r. \u0130svi\u00e7re Konfederasyonunun uzun bir silahl\u0131 tarafs\u0131zl\u0131k tarihi vard\u0131r -1815 y\u0131l\u0131ndan bu yana uluslararas\u0131 bir sava\u015f durumu olmam\u0131\u015ft\u0131r- ve 2002 y\u0131l\u0131na kadar Birle\u015fmi\u015f Milletler&#8217;e kat\u0131lmam\u0131\u015ft\u0131r. Yine de etkin bir d\u0131\u015f politika s\u00fcrd\u00fcrmektedir ve s\u0131kl\u0131kla d\u00fcnya \u00e7ap\u0131nda bar\u0131\u015f kurma giri\u015fimlerine kat\u0131l\u0131r.\u00a0 \u0130svi\u00e7re ayn\u0131 zamanda K\u0131z\u0131lha\u00e7&#8217;\u0131n do\u011fdu\u011fu \u00fclkedir ve ikinci b\u00fcy\u00fck BM merkezi de dahil olmak \u00fczere \u00e7ok say\u0131da uluslararas\u0131 organizasyonun ev sahibidir. Avrupa seviyesinde, Avrupa Serbest Ticaret Birli\u011finin kurucu \u00fcyelerindendir ve Schengen B\u00f6lgesinin bir par\u00e7as\u0131d\u0131r ancak Avrupa Birli\u011finin ve Avrupa Ekonomik Alan\u0131n\u0131n bir \u00fcyesi de\u011fildir.<\/p>\n<p>\u0130svi\u00e7re ki\u015fi ba\u015f\u0131na d\u00fc\u015fen gayri safi yurt i\u00e7i has\u0131la bak\u0131m\u0131ndan d\u00fcnyadaki en zengin \u00fclkelerden biridir ve her bir yeti\u015fkin i\u00e7in en y\u00fcksek malvarl\u0131\u011f\u0131na (finansal ve finansal olmayan) sahiptir.\u00a0 Z\u00fcrih ve Cenevre s\u0131ras\u0131yla d\u00fcnyadaki ikinci ve sekizinci ya\u015fam kalitesine sahip \u015fehirler olarak s\u0131ralanmaktad\u0131r. 2021 y\u0131l\u0131ndan nominal (GSY\u0130H) bak\u0131m\u0131ndan d\u00fcnyan\u0131n 18., sat\u0131n alma g\u00fcc\u00fc paritesine g\u00f6re 35. B\u00fcy\u00fck ekonomisine sahiptir.\u00a0 Mallar\u0131n ihracat\u0131nda yirminci, ithalat\u0131nda on sekizinci s\u0131radad\u0131r.<\/p>\n<h3>\u0130svi\u00e7re Ekonomisi?<\/h3>\n<p>Zengin ve kararl\u0131 bir pazar ekonomisine sahip olan \u0130svi\u00e7re, ki\u015fi ba\u015f\u0131 gayrisafi yurt i\u00e7i has\u0131la\u2019da <a href=\"https:\/\/www.avrupakargo.com\/Blog\/amerika-kargo\/\">Amerika Birle\u015fik Devletler<\/a>i, Japonya ve b\u00fcy\u00fck Avrupa ekonomilerinin \u00f6n\u00fcnde yer al\u0131rken al\u0131m g\u00fcc\u00fc paritesinde onuncu s\u0131rada gelir.\u00a0 20. y\u00fczy\u0131l\u0131n \u00e7ok \u00f6nemli bir d\u00f6neminde a\u00e7\u0131k ara ile Avrupa\u2019n\u0131n en m\u00fcreffeh \u00fclkesi olan \u0130svi\u00e7re 1990\u2019lardan beri a\u011f\u0131r bir b\u00fcy\u00fcme d\u00f6nemine girdi ve 2005\u2019e gelindi\u011finde ki\u015fi ba\u015f\u0131na GSY\u0130H\u2019da n\u00fcfusu bir milyondan b\u00fcy\u00fck Avrupa \u00fclkeleri aras\u0131nda \u0130rlanda, Danimarka ve Norve\u00e7\u2019in ard\u0131ndan d\u00f6rd\u00fcnc\u00fcl\u00fc\u011fe d\u00fc\u015ft\u00fc ve sat\u0131n alma paritesine g\u00f6re de onunculu\u011fa geriledi.\u00a0 Buna kar\u015f\u0131n \u0130svi\u00e7re&#8217;de ki\u015fi ba\u015f\u0131na d\u00fc\u015fen mill\u00ee gelir 80.000 dolar d\u00fczeyinde olup ve 35.000 dolar civar\u0131ndaki AB ortalamas\u0131n\u0131n olduk\u00e7a \u00fcst\u00fcndedir. \u0130\u015fsizlik oran\u0131 2012 Aral\u0131k rakamlar\u0131na g\u00f6re %3,2&#8217;dir. \u0130svi\u00e7re Avrupa Serbest Ticaret Birli\u011fi (EFTA) \u00fcyesidir.<\/p>\n<p>\u0130svi\u00e7re ekonomisinin en b\u00fcy\u00fck sekt\u00f6r\u00fc %73&#8217;l\u00fck oran\u0131 ile hizmet sekt\u00f6r\u00fcd\u00fcr.\u00a0 Bankac\u0131l\u0131k, sigortac\u0131l\u0131k, turizm ve ticaret ekonominin en \u00f6nemli kalemleridir. Toplam ihracat\u0131n \u00fc\u00e7te biri de banka, sigorta, turizm ve uluslararas\u0131 organizasyonlar gibi alanlara aittir.\u00a0 Ekonominin y\u00fczde 23&#8217;\u00fcn\u00fc ise sanayi sekt\u00f6rleri olu\u015fturur.\u00a0 Sanayi sekt\u00f6r\u00fc en \u00e7ok kimya end\u00fcstrisi, sa\u011fl\u0131k ve ila\u00e7 sekt\u00f6r\u00fc, bilimsel ve hassas \u00f6l\u00e7\u00fcm ara\u00e7lar\u0131 ve m\u00fczik aletleri gibi alanlarda geli\u015fmi\u015ftir. En b\u00fcy\u00fck ihra\u00e7 \u00fcr\u00fcnleri kimyasal \u00fcr\u00fcnler (ihracat\u0131n\u0131n %34&#8217;\u00fc), makine\/elektronik aletler (ihracat\u0131n\u0131 %20,9&#8217;u) ve hassas \u00f6l\u00e7\u00fcm ara\u00e7lar\u0131 ve saatlerdir (ihracat\u0131n\u0131n %16,9&#8217;u). Tar\u0131m sekt\u00f6r\u00fc ise ekonomide sadece %4 gibi bir oran\u0131 olu\u015fturur. Buna kar\u015f\u0131n kaliteli tar\u0131m \u00fcr\u00fcnleri tercih edilir.<\/p>\n<p><em>Kaynak\u00e7a;<\/em> <a href=\"https:\/\/tr.wikipedia.org\/wiki\/%C4%B0svi%C3%A7re\">https:\/\/tr.wikipedia.org\/wiki\/\u0130svi\u00e7re<\/a><\/p>\n<p>&nbsp;<\/p>\n","protected":false},"excerpt":{"rendered":"<p>\u0130svi\u00e7re Kargo \u0130svi\u00e7re Kargo firmam\u0131z\u0131n sizlere sundu\u011fu \u0130svi\u00e7re U\u00e7ak Kargo yolu ve \u0130svi\u00e7re Ekonomik Ekspres Kargo olarak iki farkl\u0131 servisimiz bulunmaktad\u0131r. Paket, dok\u00fcman, e\u015fya, numune, hediye ve ticari g\u00f6nderiler gibi \u00e7e\u015fitli kargolar\u0131 T\u00fcrkiye&#8217;den \u0130svi\u00e7re&#8217;nin t\u00fcm \u015fehir ve adreslerine teslimat\u0131m\u0131z bulunmaktad\u0131r. Avrupa Kargo ile \u0130svi\u00e7re&#8217;ye kargo g\u00f6ndermek \u00e7ok kolay hale geldi, Sanki bir T\u00fcrkiye&#8217;deki bir \u015fehirden [&hellip;]<\/p>\n","protected":false},"author":2,"featured_media":1653,"comment_status":"closed","ping_status":"open","sticky":false,"template":"","format":"standard","meta":{"footnotes":""},"categories":[11,25,4],"tags":[408,409,410,411,412,413,414,415,416,417,418,419,420,421,422,423,424,425,426,575,576,577,578,592],"class_list":["post-1645","post","type-post","status-publish","format-standard","has-post-thumbnail","hentry","category-avrupa-kargo","category-isvicre-kargo","category-kargo","tag-isvicre","tag-isvicre-dosya-gonderimi","tag-isvicre-kargo","tag-isvicre-kargo-ekonomik-kargo","tag-isvicre-kargo-firmasi","tag-isvicre-kargo-fiyatlari","tag-isvicre-kargo-gonderimi","tag-isvicre-kargo-sirketi","tag-isvicre-kargo-takibi","tag-isvicre-kargo-ucak-kargo","tag-isvicre-paket-kargo","tag-isvicre-ucak-kargo","tag-isvicre-ucak-kargo-firmalari","tag-isvicre-ucak-kargo-gonderimi","tag-isvicre-zarf-gonderimi","tag-isvicreye-kargo-fiyat-hesaplama","tag-isvicreye-kargo-fiyatlari","tag-isvicreye-kargo-hesaplama","tag-isvicreye-kargo-ucretleri","tag-turkiyeden-isvicreye-kargo","tag-turkiyeden-isvicreye-kargo-fiyatlari","tag-turkiyeden-isvicreye-kargo-gondermek","tag-turkiyeden-isvicreye-kargo-ucretleri","tag-turkiyeden-isvicreye-kargo-kac-gunde-gider"],"yoast_head":"<!-- This site is optimized with the Yoast SEO plugin v23.1 - https:\/\/yoast.com\/wordpress\/plugins\/seo\/ -->\r\n<title>\u0130svi\u00e7re Kargo - Avrupa Kargo Blog<\/title>\r\n<meta name=\"description\" content=\"\u0130svi\u00e7re Kargo firmam\u0131z\u0131n sizlere sundu\u011fu U\u00e7ak Kargo yolu ve Ekonomik Ekspres Kargo olarak iki farkl\u0131 servisimiz bulunmaktad\u0131r Kargo Fiyatlar\u0131\" \/>\r\n<meta name=\"robots\" content=\"index, follow, max-snippet:-1, max-image-preview:large, max-video-preview:-1\" \/>\r\n<link rel=\"canonical\" href=\"https:\/\/www.avrupakargo.com\/Blog\/isvicre-kargo\/\" \/>\r\n<meta property=\"og:locale\" content=\"tr_TR\" \/>\r\n<meta property=\"og:type\" content=\"article\" \/>\r\n<meta property=\"og:title\" content=\"\u0130svi\u00e7re Kargo - Avrupa Kargo Blog\" \/>\r\n<meta property=\"og:description\" content=\"\u0130svi\u00e7re Kargo firmam\u0131z\u0131n sizlere sundu\u011fu U\u00e7ak Kargo yolu ve Ekonomik Ekspres Kargo olarak iki farkl\u0131 servisimiz bulunmaktad\u0131r Kargo Fiyatlar\u0131\" \/>\r\n<meta property=\"og:url\" content=\"https:\/\/www.avrupakargo.com\/Blog\/isvicre-kargo\/\" \/>\r\n<meta property=\"og:site_name\" content=\"Avrupa Kargo Blog\" \/>\r\n<meta property=\"article:publisher\" content=\"https:\/\/www.facebook.com\/AvrupaKargoGlobal\" \/>\r\n<meta property=\"article:published_time\" content=\"2023-10-25T16:41:06+00:00\" \/>\r\n<meta property=\"article:modified_time\" content=\"2023-11-09T08:37:47+00:00\" \/>\r\n<meta property=\"og:image\" content=\"https:\/\/www.avrupakargo.com\/Blog\/wp-content\/uploads\/2022\/03\/Isvicre_Kargo-1.jpg\" \/>\r\n\t<meta property=\"og:image:width\" content=\"1200\" \/>\r\n\t<meta property=\"og:image:height\" content=\"400\" \/>\r\n\t<meta property=\"og:image:type\" content=\"image\/jpeg\" \/>\r\n<meta name=\"author\" content=\"Avrupa Kargo\" \/>\r\n<meta name=\"twitter:card\" content=\"summary_large_image\" \/>\r\n<meta name=\"twitter:creator\" content=\"@AvrupaKargo\" \/>\r\n<meta name=\"twitter:site\" content=\"@AvrupaKargo\" \/>\r\n<meta name=\"twitter:label1\" content=\"Yazan:\" \/>\n\t<meta name=\"twitter:data1\" content=\"Avrupa Kargo\" \/>\n\t<meta name=\"twitter:label2\" content=\"Tahmini okuma s\u00fcresi\" \/>\n\t<meta name=\"twitter:data2\" content=\"10 dakika\" \/>\r\n<!-- \/ Yoast SEO plugin. -->","yoast_head_json":{"title":"\u0130svi\u00e7re Kargo - Avrupa Kargo Blog","description":"\u0130svi\u00e7re Kargo firmam\u0131z\u0131n sizlere sundu\u011fu U\u00e7ak Kargo yolu ve Ekonomik Ekspres Kargo olarak iki farkl\u0131 servisimiz bulunmaktad\u0131r Kargo Fiyatlar\u0131","robots":{"index":"index","follow":"follow","max-snippet":"max-snippet:-1","max-image-preview":"max-image-preview:large","max-video-preview":"max-video-preview:-1"},"canonical":"https:\/\/www.avrupakargo.com\/Blog\/isvicre-kargo\/","og_locale":"tr_TR","og_type":"article","og_title":"\u0130svi\u00e7re Kargo - Avrupa Kargo Blog","og_description":"\u0130svi\u00e7re Kargo firmam\u0131z\u0131n sizlere sundu\u011fu U\u00e7ak Kargo yolu ve Ekonomik Ekspres Kargo olarak iki farkl\u0131 servisimiz bulunmaktad\u0131r Kargo Fiyatlar\u0131","og_url":"https:\/\/www.avrupakargo.com\/Blog\/isvicre-kargo\/","og_site_name":"Avrupa Kargo Blog","article_publisher":"https:\/\/www.facebook.com\/AvrupaKargoGlobal","article_published_time":"2023-10-25T16:41:06+00:00","article_modified_time":"2023-11-09T08:37:47+00:00","og_image":[{"width":1200,"height":400,"url":"https:\/\/www.avrupakargo.com\/Blog\/wp-content\/uploads\/2022\/03\/Isvicre_Kargo-1.jpg","type":"image\/jpeg"}],"author":"Avrupa Kargo","twitter_card":"summary_large_image","twitter_creator":"@AvrupaKargo","twitter_site":"@AvrupaKargo","twitter_misc":{"Yazan:":"Avrupa Kargo","Tahmini okuma s\u00fcresi":"10 dakika"},"schema":{"@context":"https:\/\/schema.org","@graph":[{"@type":"Article","@id":"https:\/\/www.avrupakargo.com\/Blog\/isvicre-kargo\/#article","isPartOf":{"@id":"https:\/\/www.avrupakargo.com\/Blog\/isvicre-kargo\/"},"author":{"name":"Avrupa Kargo","@id":"https:\/\/www.avrupakargo.com\/Blog\/#\/schema\/person\/e4a1e802ffe53e8bad68beabcb7a03bf"},"headline":"\u0130svi\u00e7re Kargo","datePublished":"2023-10-25T16:41:06+00:00","dateModified":"2023-11-09T08:37:47+00:00","mainEntityOfPage":{"@id":"https:\/\/www.avrupakargo.com\/Blog\/isvicre-kargo\/"},"wordCount":2116,"publisher":{"@id":"https:\/\/www.avrupakargo.com\/Blog\/#organization"},"image":{"@id":"https:\/\/www.avrupakargo.com\/Blog\/isvicre-kargo\/#primaryimage"},"thumbnailUrl":"https:\/\/www.avrupakargo.com\/Blog\/wp-content\/uploads\/2022\/03\/Isvicre_Kargo-1.jpg","keywords":["\u0130svi\u00e7re","\u0130svi\u00e7re dosya g\u00f6nderimi","\u0130svi\u00e7re Kargo","\u0130svi\u00e7re Kargo Ekonomik Kargo","\u0130svi\u00e7re Kargo Firmas\u0131","\u0130svi\u00e7re Kargo Fiyatlar\u0131?","\u0130svi\u00e7re Kargo G\u00f6nderimi","\u0130svi\u00e7re Kargo \u015eirketi","\u0130svi\u00e7re Kargo Takibi?","\u0130svi\u00e7re Kargo U\u00e7ak Kargo","\u0130svi\u00e7re Paket Kargo","\u0130svi\u00e7re U\u00e7ak Kargo","\u0130svi\u00e7re U\u00e7ak Kargo Firmalar\u0131","\u0130svi\u00e7re U\u00e7ak Kargo G\u00f6nderimi","\u0130svi\u00e7re Zarf g\u00f6nderimi","\u0130svi\u00e7re'ye Kargo Fiyat Hesaplama?","\u0130svi\u00e7re'ye Kargo fiyatlar\u0131","\u0130svi\u00e7re'ye Kargo Hesaplama?","\u0130svi\u00e7re'ye Kargo \u00dccretleri","T\u00fcrkiye'den \u0130svi\u00e7re'ye Kargo","T\u00fcrkiye'den \u0130svi\u00e7re'ye Kargo fiyatlar\u0131","T\u00fcrkiye'den \u0130svi\u00e7re'ye Kargo g\u00f6ndermek","T\u00fcrkiye'den \u0130svi\u00e7re'ye Kargo \u00dccretleri","T\u00fcrkiye\u2019den \u0130svi\u00e7re'ye Kargo Ka\u00e7 G\u00fcnde Gider?"],"articleSection":["Avrupa Kargo","\u0130svi\u00e7re Kargo","Kargo"],"inLanguage":"tr"},{"@type":"WebPage","@id":"https:\/\/www.avrupakargo.com\/Blog\/isvicre-kargo\/","url":"https:\/\/www.avrupakargo.com\/Blog\/isvicre-kargo\/","name":"\u0130svi\u00e7re Kargo - Avrupa Kargo Blog","isPartOf":{"@id":"https:\/\/www.avrupakargo.com\/Blog\/#website"},"primaryImageOfPage":{"@id":"https:\/\/www.avrupakargo.com\/Blog\/isvicre-kargo\/#primaryimage"},"image":{"@id":"https:\/\/www.avrupakargo.com\/Blog\/isvicre-kargo\/#primaryimage"},"thumbnailUrl":"https:\/\/www.avrupakargo.com\/Blog\/wp-content\/uploads\/2022\/03\/Isvicre_Kargo-1.jpg","datePublished":"2023-10-25T16:41:06+00:00","dateModified":"2023-11-09T08:37:47+00:00","description":"\u0130svi\u00e7re Kargo firmam\u0131z\u0131n sizlere sundu\u011fu U\u00e7ak Kargo yolu ve Ekonomik Ekspres Kargo olarak iki farkl\u0131 servisimiz bulunmaktad\u0131r Kargo Fiyatlar\u0131","breadcrumb":{"@id":"https:\/\/www.avrupakargo.com\/Blog\/isvicre-kargo\/#breadcrumb"},"inLanguage":"tr","potentialAction":[{"@type":"ReadAction","target":["https:\/\/www.avrupakargo.com\/Blog\/isvicre-kargo\/"]}]},{"@type":"ImageObject","inLanguage":"tr","@id":"https:\/\/www.avrupakargo.com\/Blog\/isvicre-kargo\/#primaryimage","url":"https:\/\/www.avrupakargo.com\/Blog\/wp-content\/uploads\/2022\/03\/Isvicre_Kargo-1.jpg","contentUrl":"https:\/\/www.avrupakargo.com\/Blog\/wp-content\/uploads\/2022\/03\/Isvicre_Kargo-1.jpg","width":1200,"height":400},{"@type":"BreadcrumbList","@id":"https:\/\/www.avrupakargo.com\/Blog\/isvicre-kargo\/#breadcrumb","itemListElement":[{"@type":"ListItem","position":1,"name":"Anasayfa","item":"https:\/\/www.avrupakargo.com\/Blog\/"},{"@type":"ListItem","position":2,"name":"\u0130svi\u00e7re Kargo"}]},{"@type":"WebSite","@id":"https:\/\/www.avrupakargo.com\/Blog\/#website","url":"https:\/\/www.avrupakargo.com\/Blog\/","name":"Avrupa Kargo Blog","description":"","publisher":{"@id":"https:\/\/www.avrupakargo.com\/Blog\/#organization"},"potentialAction":[{"@type":"SearchAction","target":{"@type":"EntryPoint","urlTemplate":"https:\/\/www.avrupakargo.com\/Blog\/?s={search_term_string}"},"query-input":"required name=search_term_string"}],"inLanguage":"tr"},{"@type":"Organization","@id":"https:\/\/www.avrupakargo.com\/Blog\/#organization","name":"Avrupa Kargo","url":"https:\/\/www.avrupakargo.com\/Blog\/","logo":{"@type":"ImageObject","inLanguage":"tr","@id":"https:\/\/www.avrupakargo.com\/Blog\/#\/schema\/logo\/image\/","url":"https:\/\/www.avrupakargo.com\/Blog\/wp-content\/uploads\/2022\/03\/PNG_LOGO_500x80-1.png","contentUrl":"https:\/\/www.avrupakargo.com\/Blog\/wp-content\/uploads\/2022\/03\/PNG_LOGO_500x80-1.png","width":500,"height":80,"caption":"Avrupa Kargo"},"image":{"@id":"https:\/\/www.avrupakargo.com\/Blog\/#\/schema\/logo\/image\/"},"sameAs":["https:\/\/www.facebook.com\/AvrupaKargoGlobal","https:\/\/x.com\/AvrupaKargo","https:\/\/www.instagram.com\/avrupa.kargo\/","https:\/\/www.linkedin.com\/company\/avrupa-kargo","https:\/\/avrupakargo.tumblr.com\/"]},{"@type":"Person","@id":"https:\/\/www.avrupakargo.com\/Blog\/#\/schema\/person\/e4a1e802ffe53e8bad68beabcb7a03bf","name":"Avrupa Kargo","image":{"@type":"ImageObject","inLanguage":"tr","@id":"https:\/\/www.avrupakargo.com\/Blog\/#\/schema\/person\/image\/","url":"https:\/\/secure.gravatar.com\/avatar\/?s=96&d=mm&r=g","contentUrl":"https:\/\/secure.gravatar.com\/avatar\/?s=96&d=mm&r=g","caption":"Avrupa Kargo"},"url":"https:\/\/www.avrupakargo.com\/Blog\/author\/avrupa-kargo\/"}]}},"_links":{"self":[{"href":"https:\/\/www.avrupakargo.com\/Blog\/wp-json\/wp\/v2\/posts\/1645","targetHints":{"allow":["GET"]}}],"collection":[{"href":"https:\/\/www.avrupakargo.com\/Blog\/wp-json\/wp\/v2\/posts"}],"about":[{"href":"https:\/\/www.avrupakargo.com\/Blog\/wp-json\/wp\/v2\/types\/post"}],"author":[{"embeddable":true,"href":"https:\/\/www.avrupakargo.com\/Blog\/wp-json\/wp\/v2\/users\/2"}],"replies":[{"embeddable":true,"href":"https:\/\/www.avrupakargo.com\/Blog\/wp-json\/wp\/v2\/comments?post=1645"}],"version-history":[{"count":1,"href":"https:\/\/www.avrupakargo.com\/Blog\/wp-json\/wp\/v2\/posts\/1645\/revisions"}],"predecessor-version":[{"id":1872,"href":"https:\/\/www.avrupakargo.com\/Blog\/wp-json\/wp\/v2\/posts\/1645\/revisions\/1872"}],"wp:featuredmedia":[{"embeddable":true,"href":"https:\/\/www.avrupakargo.com\/Blog\/wp-json\/wp\/v2\/media\/1653"}],"wp:attachment":[{"href":"https:\/\/www.avrupakargo.com\/Blog\/wp-json\/wp\/v2\/media?parent=1645"}],"wp:term":[{"taxonomy":"category","embeddable":true,"href":"https:\/\/www.avrupakargo.com\/Blog\/wp-json\/wp\/v2\/categories?post=1645"},{"taxonomy":"post_tag","embeddable":true,"href":"https:\/\/www.avrupakargo.com\/Blog\/wp-json\/wp\/v2\/tags?post=1645"}],"curies":[{"name":"wp","href":"https:\/\/api.w.org\/{rel}","templated":true}]}}